{"id":1371,"date":"2017-09-03T16:40:43","date_gmt":"2017-09-03T16:40:43","guid":{"rendered":"http:\/\/danielgomezpsicologia.com\/ca\/?p=1371"},"modified":"2019-02-24T16:40:30","modified_gmt":"2019-02-24T16:40:30","slug":"musics-ens-passa","status":"publish","type":"post","link":"https:\/\/danielgomezpsicologia.com\/ca\/musics-ens-passa\/","title":{"rendered":"M\u00fasics, qu\u00e8 ens passa?"},"content":{"rendered":"<p style=\"text-align: justify;\"><span style=\"font-weight: 400;\">Hi ha un tema que em preocupa, un tema que afecta a alguns m\u00fasics, no puc parlar de percentatges, per\u00f2 bastants. I en lloc de <strong>preocupar-me<\/strong> he decidit <strong>ocupar-me<\/strong>, aix\u00ed que vaig a comen\u00e7ar per exposar-vos el motiu d&#8217;aquest article.<\/span><\/p>\n<p style=\"text-align: justify;\"><span style=\"font-weight: 400;\">Quan era un nen, alguna for\u00e7a desconeguda (<i>o potser la meva mare<\/i>) em va emp\u00e8nyer al m\u00f3n de la m\u00fasica, o millor dit, dels estudis musicals. Crec recordar que en aquells inicis somiava amb ser un gran m\u00fasic, un solista internacional, trompa solista en alguna orquestra de renom\u2026 <strong>Qui no ha somiat amb alguna cosa aix\u00ed en la infantesa?<\/strong> Per\u00f2 el pas dels anys, la falta de motivaci\u00f3, les obligacions laborals, etc., van anar soterrant aquests \u201cdeliris de grandesa\u201d, potser tamb\u00e9 unes expectatives poc realistes. Ara em trobo a un altre moment vital totalment diferent, la meva vocaci\u00f3 \u00e9s una altra, el meu temps per triomfar ja va passar i la meva experi\u00e8ncia al m\u00f3n de la m\u00fasica ha matisat amb crueltat totes aquestes fantasies. Ara s\u00e9 que el m\u00f3n de la m\u00fasica \u00e9s sacrificat, complex, bell, frustrant, competitiu, satisfactori i exigent, molt exigent\u2026 per\u00f2 <strong>aquesta \u00e9s la meva hist\u00f2ria<\/strong>, no la vostra, la il\u00b7lustro perqu\u00e8 pugueu entendre una mica millor el perqu\u00e8 de la meva preocupaci\u00f3, que a continuaci\u00f3 tractar\u00e9 d&#8217;explicar-vos.<\/span><\/p>\n<p style=\"text-align: justify;\"><span style=\"font-weight: 400;\">Per sort la m\u00fasica segueix present en la meva vida, en forma de fil musical en el cotxe, d&#8217;escasses hores d&#8217;estudi a casa, d&#8217;assajos o concerts amb bandes, damunt i sota l&#8217;escenari, assessorant a m\u00fasics, etc. pel que convisc amb vosaltres, amb els vostres \u00e8xits, pors, preocupacions, assoliments i sacrificis. De totes les experi\u00e8ncies viscudes en aquests \u00faltims 25 anys, he extret algunes regularitats (patrons), la que m\u00e9s em preocupa \u00e9s <strong>veure-us tocar un instrument amb m\u00e9s por que plaer, m\u00e9s preocupats en no fallar una nota que a interpretar un passatge<\/strong>. Crec que la majoria ja sabeu a qu\u00e8 em refereixo.<\/span><\/p>\n<p style=\"text-align: justify;\"><span style=\"font-weight: 400;\">Em produeix tristesa sentir que tants anys de conservatori i hores d&#8217;estudi ens han convertit en grans executants i us han allunyat de l\u2019ess\u00e8ncia de la m\u00fasica, de la vostra ess\u00e8ncia. <strong>Observar que t\u00e9 m\u00e9s pes errar una nota, que interpretar un passatge buit (sense emoci\u00f3)<\/strong>. M&#8217;entristeix pensar que la pressi\u00f3 (interna i externa) \u00e9s tal que un s&#8217;acaba oblidant de qu\u00e8 li va portar a estudiar m\u00fasica.<\/span><\/p>\n<p><img decoding=\"async\" class=\"aligncenter wp-image-1356 lazyload\" data-src=\"https:\/\/danielgomezpsicologia.com\/wp-content\/uploads\/2017\/08\/Beb\u00e9-m\u00fasica-b-300x109.jpg\" alt=\"\" width=\"584\" height=\"212\" data-srcset=\"https:\/\/danielgomezpsicologia.com\/wp-content\/uploads\/2017\/08\/Beb\u00e9-m\u00fasica-b-300x109.jpg 300w, https:\/\/danielgomezpsicologia.com\/wp-content\/uploads\/2017\/08\/Beb\u00e9-m\u00fasica-b-768x280.jpg 768w, https:\/\/danielgomezpsicologia.com\/wp-content\/uploads\/2017\/08\/Beb\u00e9-m\u00fasica-b-1024x373.jpg 1024w, https:\/\/danielgomezpsicologia.com\/wp-content\/uploads\/2017\/08\/Beb\u00e9-m\u00fasica-b-870x317.jpg 870w, https:\/\/danielgomezpsicologia.com\/wp-content\/uploads\/2017\/08\/Beb\u00e9-m\u00fasica-b-390x142.jpg 390w, https:\/\/danielgomezpsicologia.com\/wp-content\/uploads\/2017\/08\/Beb\u00e9-m\u00fasica-b-1170x427.jpg 1170w, https:\/\/danielgomezpsicologia.com\/wp-content\/uploads\/2017\/08\/Beb\u00e9-m\u00fasica-b.jpg 1920w\" data-sizes=\"auto\" src=\"data:image\/svg+xml;base64,PHN2ZyB3aWR0aD0iMSIgaGVpZ2h0PSIxIiB4bWxucz0iaHR0cDovL3d3dy53My5vcmcvMjAwMC9zdmciPjwvc3ZnPg==\" style=\"--smush-placeholder-width: 584px; --smush-placeholder-aspect-ratio: 584\/212;\" data-original-sizes=\"(max-width: 584px) 100vw, 584px\" \/><\/p>\n<p style=\"text-align: justify;\"><span style=\"font-weight: 400;\">Quan som nens, fins a certa edat, all\u00f2 que pensin de nosaltres no ens importa, \u00e9s m\u00e9s, ni tan sols ho concebem, despr\u00e9s, quan el nostre cervell est\u00e0 preparat i la societat ho considera oport\u00fa, aprenem a mirar-nos des de l&#8217;altre. Aix\u00f2 \u00e9s bo i necessari, hem d\u2019empatitzar, socialitzar-nos, etc., per\u00f2 com a tants altres aprenentatges, si es porten a l&#8217;extrem o s&#8217;interioritzen sense judici, ens \u201cdesconnecten\u201d de nosaltres mateixos, i aix\u00f2 no \u00e9s saludable.<\/span><\/p>\n<p style=\"text-align: justify;\"><span style=\"font-weight: 400;\">Tornant a la idea principal, portem tants anys sotmesos a l&#8217;exig\u00e8ncia de ser els millors, de no fallar, que <strong>el nostre cos i la nostra ment s&#8217;han tornat r\u00edgids, insensibles<\/strong>. \u00c9s tant el dolor i la pressi\u00f3, que <strong>hem necessitat anestesiar les nostres emocions per sobreviure<\/strong>, com el nen al qual se li exigeix que no plori. M&#8217;entristeix que la veu dels altres hagi aconseguit silenciar la nostra, la del nostre nen (artista per naturalesa) que encara forma part de nosaltres i que encara lluita i necessita mostrar-se. Coartar la vostra capacitat per emocionar-vos, per arriscar, per gaudir, \u00e9s coartar la vostra m\u00fasica. <strong>Per a mi, un bon m\u00fasic t\u00e9 tant talent com a entrega, la resta s\u00f3n succedanis.<\/strong><\/span><\/p>\n<blockquote>\n<p style=\"text-align: center;\"><strong>\u201cNo hi ha res m\u00e9s seri\u00f3s que un nen jugant\u201d<\/strong><\/p>\n<p style=\"text-align: center;\"><strong>Julio Cort\u00e1zar<\/strong><\/p>\n<p>&nbsp;<\/p><\/blockquote>\n<p><span style=\"font-weight: 400;\">Crec que la idea \u00e9s clara, us animo a recuperar la motivaci\u00f3 original, a tornar a tocar per plaure, sense importar el quin i el com. Preneu-ho com un experiment, a veure qu\u00e8 succeeix, qu\u00e8 passa amb la m\u00fasica, amb el vostre cos, demaneu-li a alg\u00fa de confian\u00e7a (si no \u00e9s m\u00fasic, millor) que us escolti i us doni la seva opini\u00f3. <strong>Confieu, teniu poc a perdre i molt a guanyar<\/strong>. I si necessiteu ajuda o voleu compartir la vostra experi\u00e8ncia, poseu-vos en contacte amb mi, segur que sorgeix alguna cosa interessant\u2026<\/span><\/p>\n<p style=\"text-align: center;\"><strong><a href=\"mailto:consulta@danielgomezpsicologia.com\">consulta@danielgomezpsicologia.com<\/a><\/strong><\/p>\n","protected":false},"excerpt":{"rendered":"<p>Hi ha un tema que em preocupa, un tema que afecta a alguns m\u00fasics, no puc parlar de percentatges, per\u00f2 bastants. I en lloc de preocupar-me he decidit ocupar-me, aix\u00ed que vaig a comen\u00e7ar per exposar-vos el motiu d&#8217;aquest article. Quan era un nen, alguna for\u00e7a desconeguda (o potser la meva mare) em va emp\u00e8nyer [&hellip;]<\/p>\n","protected":false},"author":2,"featured_media":1246,"comment_status":"open","ping_status":"closed","sticky":false,"template":"","format":"standard","meta":{"footnotes":""},"categories":[108],"tags":[163,162,161,164,166,115,165,167],"class_list":["post-1371","post","type-post","status-publish","format-standard","has-post-thumbnail","hentry","category-musica","tag-emocio","tag-error","tag-fallar","tag-interpret","tag-music","tag-musica-ca","tag-por","tag-talent"],"yoast_head":"<!-- This site is optimized with the Yoast SEO plugin v27.0 - https:\/\/yoast.com\/product\/yoast-seo-wordpress\/ -->\n<title>M\u00fasics, qu\u00e8 ens passa? | Daniel Gomez | Psic\u00f3logo en Reus<\/title>\n<meta name=\"description\" content=\"M\u00fasics, qu\u00e8 ens passa? | Daniel Gomez | Psic\u00f3logo en Reus\" \/>\n<meta name=\"robots\" content=\"index, follow, max-snippet:-1, max-image-preview:large, max-video-preview:-1\" \/>\n<link rel=\"canonical\" href=\"https:\/\/danielgomezpsicologia.com\/musicos-os-pasa\/\" \/>\n<meta property=\"og:locale\" content=\"ca_ES\" \/>\n<meta property=\"og:type\" content=\"article\" \/>\n<meta property=\"og:title\" content=\"M\u00fasics, qu\u00e8 ens passa? | Daniel Gomez | Psic\u00f3logo en Reus\" \/>\n<meta property=\"og:description\" content=\"M\u00fasics, qu\u00e8 ens passa? | Daniel Gomez | Psic\u00f3logo en Reus\" \/>\n<meta property=\"og:url\" content=\"https:\/\/danielgomezpsicologia.com\/musicos-os-pasa\/\" \/>\n<meta property=\"og:site_name\" content=\"Daniel Gomez | Psic\u00f3logo en Reus\" \/>\n<meta property=\"article:published_time\" content=\"2017-09-03T16:40:43+00:00\" \/>\n<meta property=\"article:modified_time\" content=\"2019-02-24T16:40:30+00:00\" \/>\n<meta property=\"og:image\" content=\"https:\/\/danielgomezpsicologia.com\/wp-content\/uploads\/2016\/10\/Musicos-alto-rendimiento-1.jpg\" \/>\n\t<meta property=\"og:image:width\" content=\"2000\" \/>\n\t<meta property=\"og:image:height\" content=\"900\" \/>\n\t<meta property=\"og:image:type\" content=\"image\/jpeg\" \/>\n<meta name=\"author\" content=\"Daniel G\u00f3mez\" \/>\n<meta name=\"twitter:card\" content=\"summary_large_image\" \/>\n<meta name=\"twitter:label1\" content=\"Escrit per\" \/>\n\t<meta name=\"twitter:data1\" content=\"Daniel G\u00f3mez\" \/>\n\t<meta name=\"twitter:label2\" content=\"Temps estimat de lectura\" \/>\n\t<meta name=\"twitter:data2\" content=\"4 minuts\" \/>\n<script type=\"application\/ld+json\" class=\"yoast-schema-graph\">{\"@context\":\"https:\/\/schema.org\",\"@graph\":[{\"@type\":\"Article\",\"@id\":\"https:\/\/danielgomezpsicologia.com\/musicos-os-pasa\/#article\",\"isPartOf\":{\"@id\":\"https:\/\/danielgomezpsicologia.com\/musicos-os-pasa\/\"},\"author\":{\"name\":\"Daniel G\u00f3mez\",\"@id\":\"https:\/\/danielgomezpsicologia.com\/#\/schema\/person\/cb6f5480e13dd5604bf8b9c3e08ede6c\"},\"headline\":\"M\u00fasics, qu\u00e8 ens passa?\",\"datePublished\":\"2017-09-03T16:40:43+00:00\",\"dateModified\":\"2019-02-24T16:40:30+00:00\",\"mainEntityOfPage\":{\"@id\":\"https:\/\/danielgomezpsicologia.com\/musicos-os-pasa\/\"},\"wordCount\":729,\"commentCount\":0,\"publisher\":{\"@id\":\"https:\/\/danielgomezpsicologia.com\/#\/schema\/person\/cb6f5480e13dd5604bf8b9c3e08ede6c\"},\"image\":{\"@id\":\"https:\/\/danielgomezpsicologia.com\/musicos-os-pasa\/#primaryimage\"},\"thumbnailUrl\":\"https:\/\/danielgomezpsicologia.com\/wp-content\/uploads\/2016\/10\/Musicos-alto-rendimiento-1.jpg\",\"keywords\":[\"emoci\u00f3\",\"error\",\"fallar\",\"int\u00e8rpret\",\"m\u00fasic\",\"musica\",\"por\",\"talent\"],\"articleSection\":[\"M\u00fasica\"],\"inLanguage\":\"ca\",\"potentialAction\":[{\"@type\":\"CommentAction\",\"name\":\"Comment\",\"target\":[\"https:\/\/danielgomezpsicologia.com\/musicos-os-pasa\/#respond\"]}]},{\"@type\":\"WebPage\",\"@id\":\"https:\/\/danielgomezpsicologia.com\/musicos-os-pasa\/\",\"url\":\"https:\/\/danielgomezpsicologia.com\/musicos-os-pasa\/\",\"name\":\"M\u00fasics, qu\u00e8 ens passa? | Daniel Gomez | Psic\u00f3logo en Reus\",\"isPartOf\":{\"@id\":\"https:\/\/danielgomezpsicologia.com\/#website\"},\"primaryImageOfPage\":{\"@id\":\"https:\/\/danielgomezpsicologia.com\/musicos-os-pasa\/#primaryimage\"},\"image\":{\"@id\":\"https:\/\/danielgomezpsicologia.com\/musicos-os-pasa\/#primaryimage\"},\"thumbnailUrl\":\"https:\/\/danielgomezpsicologia.com\/wp-content\/uploads\/2016\/10\/Musicos-alto-rendimiento-1.jpg\",\"datePublished\":\"2017-09-03T16:40:43+00:00\",\"dateModified\":\"2019-02-24T16:40:30+00:00\",\"description\":\"M\u00fasics, qu\u00e8 ens passa? | Daniel Gomez | Psic\u00f3logo en Reus\",\"breadcrumb\":{\"@id\":\"https:\/\/danielgomezpsicologia.com\/musicos-os-pasa\/#breadcrumb\"},\"inLanguage\":\"ca\",\"potentialAction\":[{\"@type\":\"ReadAction\",\"target\":[\"https:\/\/danielgomezpsicologia.com\/musicos-os-pasa\/\"]}]},{\"@type\":\"ImageObject\",\"inLanguage\":\"ca\",\"@id\":\"https:\/\/danielgomezpsicologia.com\/musicos-os-pasa\/#primaryimage\",\"url\":\"https:\/\/danielgomezpsicologia.com\/wp-content\/uploads\/2016\/10\/Musicos-alto-rendimiento-1.jpg\",\"contentUrl\":\"https:\/\/danielgomezpsicologia.com\/wp-content\/uploads\/2016\/10\/Musicos-alto-rendimiento-1.jpg\",\"width\":2000,\"height\":900},{\"@type\":\"BreadcrumbList\",\"@id\":\"https:\/\/danielgomezpsicologia.com\/musicos-os-pasa\/#breadcrumb\",\"itemListElement\":[{\"@type\":\"ListItem\",\"position\":1,\"name\":\"Portada\",\"item\":\"https:\/\/danielgomezpsicologia.com\/\"},{\"@type\":\"ListItem\",\"position\":2,\"name\":\"M\u00fasics, qu\u00e8 ens passa?\"}]},{\"@type\":\"WebSite\",\"@id\":\"https:\/\/danielgomezpsicologia.com\/#website\",\"url\":\"https:\/\/danielgomezpsicologia.com\/\",\"name\":\"Daniel Gomez | Psic\u00f3logo en Reus\",\"description\":\"Licenciado en Psicolog\u00eda, Terapeuta Gestalt, Experto en Terapia Familiar y de Pareja y M\u00e1ster en psicolog\u00eda cl\u00ednica desde el modelo Cognitivo-conductual.\",\"publisher\":{\"@id\":\"https:\/\/danielgomezpsicologia.com\/#\/schema\/person\/cb6f5480e13dd5604bf8b9c3e08ede6c\"},\"potentialAction\":[{\"@type\":\"SearchAction\",\"target\":{\"@type\":\"EntryPoint\",\"urlTemplate\":\"https:\/\/danielgomezpsicologia.com\/?s={search_term_string}\"},\"query-input\":{\"@type\":\"PropertyValueSpecification\",\"valueRequired\":true,\"valueName\":\"search_term_string\"}}],\"inLanguage\":\"ca\"},{\"@type\":[\"Person\",\"Organization\"],\"@id\":\"https:\/\/danielgomezpsicologia.com\/#\/schema\/person\/cb6f5480e13dd5604bf8b9c3e08ede6c\",\"name\":\"Daniel G\u00f3mez\",\"image\":{\"@type\":\"ImageObject\",\"inLanguage\":\"ca\",\"@id\":\"https:\/\/danielgomezpsicologia.com\/#\/schema\/person\/image\/\",\"url\":\"https:\/\/danielgomezpsicologia.com\/wp-content\/litespeed\/avatar\/f499f3c8b78d4e5a9f787576c97aff85.jpg?ver=1777404477\",\"contentUrl\":\"https:\/\/danielgomezpsicologia.com\/wp-content\/litespeed\/avatar\/f499f3c8b78d4e5a9f787576c97aff85.jpg?ver=1777404477\",\"caption\":\"Daniel G\u00f3mez\"},\"logo\":{\"@id\":\"https:\/\/danielgomezpsicologia.com\/#\/schema\/person\/image\/\"}}]}<\/script>\n<!-- \/ Yoast SEO plugin. -->","yoast_head_json":{"title":"M\u00fasics, qu\u00e8 ens passa? | Daniel Gomez | Psic\u00f3logo en Reus","description":"M\u00fasics, qu\u00e8 ens passa? | Daniel Gomez | Psic\u00f3logo en Reus","robots":{"index":"index","follow":"follow","max-snippet":"max-snippet:-1","max-image-preview":"max-image-preview:large","max-video-preview":"max-video-preview:-1"},"canonical":"https:\/\/danielgomezpsicologia.com\/musicos-os-pasa\/","og_locale":"ca_ES","og_type":"article","og_title":"M\u00fasics, qu\u00e8 ens passa? | Daniel Gomez | Psic\u00f3logo en Reus","og_description":"M\u00fasics, qu\u00e8 ens passa? | Daniel Gomez | Psic\u00f3logo en Reus","og_url":"https:\/\/danielgomezpsicologia.com\/musicos-os-pasa\/","og_site_name":"Daniel Gomez | Psic\u00f3logo en Reus","article_published_time":"2017-09-03T16:40:43+00:00","article_modified_time":"2019-02-24T16:40:30+00:00","og_image":[{"width":2000,"height":900,"url":"https:\/\/danielgomezpsicologia.com\/wp-content\/uploads\/2016\/10\/Musicos-alto-rendimiento-1.jpg","type":"image\/jpeg"}],"author":"Daniel G\u00f3mez","twitter_card":"summary_large_image","twitter_misc":{"Escrit per":"Daniel G\u00f3mez","Temps estimat de lectura":"4 minuts"},"schema":{"@context":"https:\/\/schema.org","@graph":[{"@type":"Article","@id":"https:\/\/danielgomezpsicologia.com\/musicos-os-pasa\/#article","isPartOf":{"@id":"https:\/\/danielgomezpsicologia.com\/musicos-os-pasa\/"},"author":{"name":"Daniel G\u00f3mez","@id":"https:\/\/danielgomezpsicologia.com\/#\/schema\/person\/cb6f5480e13dd5604bf8b9c3e08ede6c"},"headline":"M\u00fasics, qu\u00e8 ens passa?","datePublished":"2017-09-03T16:40:43+00:00","dateModified":"2019-02-24T16:40:30+00:00","mainEntityOfPage":{"@id":"https:\/\/danielgomezpsicologia.com\/musicos-os-pasa\/"},"wordCount":729,"commentCount":0,"publisher":{"@id":"https:\/\/danielgomezpsicologia.com\/#\/schema\/person\/cb6f5480e13dd5604bf8b9c3e08ede6c"},"image":{"@id":"https:\/\/danielgomezpsicologia.com\/musicos-os-pasa\/#primaryimage"},"thumbnailUrl":"https:\/\/danielgomezpsicologia.com\/wp-content\/uploads\/2016\/10\/Musicos-alto-rendimiento-1.jpg","keywords":["emoci\u00f3","error","fallar","int\u00e8rpret","m\u00fasic","musica","por","talent"],"articleSection":["M\u00fasica"],"inLanguage":"ca","potentialAction":[{"@type":"CommentAction","name":"Comment","target":["https:\/\/danielgomezpsicologia.com\/musicos-os-pasa\/#respond"]}]},{"@type":"WebPage","@id":"https:\/\/danielgomezpsicologia.com\/musicos-os-pasa\/","url":"https:\/\/danielgomezpsicologia.com\/musicos-os-pasa\/","name":"M\u00fasics, qu\u00e8 ens passa? | Daniel Gomez | Psic\u00f3logo en Reus","isPartOf":{"@id":"https:\/\/danielgomezpsicologia.com\/#website"},"primaryImageOfPage":{"@id":"https:\/\/danielgomezpsicologia.com\/musicos-os-pasa\/#primaryimage"},"image":{"@id":"https:\/\/danielgomezpsicologia.com\/musicos-os-pasa\/#primaryimage"},"thumbnailUrl":"https:\/\/danielgomezpsicologia.com\/wp-content\/uploads\/2016\/10\/Musicos-alto-rendimiento-1.jpg","datePublished":"2017-09-03T16:40:43+00:00","dateModified":"2019-02-24T16:40:30+00:00","description":"M\u00fasics, qu\u00e8 ens passa? | Daniel Gomez | Psic\u00f3logo en Reus","breadcrumb":{"@id":"https:\/\/danielgomezpsicologia.com\/musicos-os-pasa\/#breadcrumb"},"inLanguage":"ca","potentialAction":[{"@type":"ReadAction","target":["https:\/\/danielgomezpsicologia.com\/musicos-os-pasa\/"]}]},{"@type":"ImageObject","inLanguage":"ca","@id":"https:\/\/danielgomezpsicologia.com\/musicos-os-pasa\/#primaryimage","url":"https:\/\/danielgomezpsicologia.com\/wp-content\/uploads\/2016\/10\/Musicos-alto-rendimiento-1.jpg","contentUrl":"https:\/\/danielgomezpsicologia.com\/wp-content\/uploads\/2016\/10\/Musicos-alto-rendimiento-1.jpg","width":2000,"height":900},{"@type":"BreadcrumbList","@id":"https:\/\/danielgomezpsicologia.com\/musicos-os-pasa\/#breadcrumb","itemListElement":[{"@type":"ListItem","position":1,"name":"Portada","item":"https:\/\/danielgomezpsicologia.com\/"},{"@type":"ListItem","position":2,"name":"M\u00fasics, qu\u00e8 ens passa?"}]},{"@type":"WebSite","@id":"https:\/\/danielgomezpsicologia.com\/#website","url":"https:\/\/danielgomezpsicologia.com\/","name":"Daniel Gomez | Psic\u00f3logo en Reus","description":"Licenciado en Psicolog\u00eda, Terapeuta Gestalt, Experto en Terapia Familiar y de Pareja y M\u00e1ster en psicolog\u00eda cl\u00ednica desde el modelo Cognitivo-conductual.","publisher":{"@id":"https:\/\/danielgomezpsicologia.com\/#\/schema\/person\/cb6f5480e13dd5604bf8b9c3e08ede6c"},"potentialAction":[{"@type":"SearchAction","target":{"@type":"EntryPoint","urlTemplate":"https:\/\/danielgomezpsicologia.com\/?s={search_term_string}"},"query-input":{"@type":"PropertyValueSpecification","valueRequired":true,"valueName":"search_term_string"}}],"inLanguage":"ca"},{"@type":["Person","Organization"],"@id":"https:\/\/danielgomezpsicologia.com\/#\/schema\/person\/cb6f5480e13dd5604bf8b9c3e08ede6c","name":"Daniel G\u00f3mez","image":{"@type":"ImageObject","inLanguage":"ca","@id":"https:\/\/danielgomezpsicologia.com\/#\/schema\/person\/image\/","url":"https:\/\/danielgomezpsicologia.com\/wp-content\/litespeed\/avatar\/f499f3c8b78d4e5a9f787576c97aff85.jpg?ver=1777404477","contentUrl":"https:\/\/danielgomezpsicologia.com\/wp-content\/litespeed\/avatar\/f499f3c8b78d4e5a9f787576c97aff85.jpg?ver=1777404477","caption":"Daniel G\u00f3mez"},"logo":{"@id":"https:\/\/danielgomezpsicologia.com\/#\/schema\/person\/image\/"}}]}},"_links":{"self":[{"href":"https:\/\/danielgomezpsicologia.com\/ca\/wp-json\/wp\/v2\/posts\/1371","targetHints":{"allow":["GET"]}}],"collection":[{"href":"https:\/\/danielgomezpsicologia.com\/ca\/wp-json\/wp\/v2\/posts"}],"about":[{"href":"https:\/\/danielgomezpsicologia.com\/ca\/wp-json\/wp\/v2\/types\/post"}],"author":[{"embeddable":true,"href":"https:\/\/danielgomezpsicologia.com\/ca\/wp-json\/wp\/v2\/users\/2"}],"replies":[{"embeddable":true,"href":"https:\/\/danielgomezpsicologia.com\/ca\/wp-json\/wp\/v2\/comments?post=1371"}],"version-history":[{"count":7,"href":"https:\/\/danielgomezpsicologia.com\/ca\/wp-json\/wp\/v2\/posts\/1371\/revisions"}],"predecessor-version":[{"id":1379,"href":"https:\/\/danielgomezpsicologia.com\/ca\/wp-json\/wp\/v2\/posts\/1371\/revisions\/1379"}],"wp:featuredmedia":[{"embeddable":true,"href":"https:\/\/danielgomezpsicologia.com\/ca\/wp-json\/wp\/v2\/media\/1246"}],"wp:attachment":[{"href":"https:\/\/danielgomezpsicologia.com\/ca\/wp-json\/wp\/v2\/media?parent=1371"}],"wp:term":[{"taxonomy":"category","embeddable":true,"href":"https:\/\/danielgomezpsicologia.com\/ca\/wp-json\/wp\/v2\/categories?post=1371"},{"taxonomy":"post_tag","embeddable":true,"href":"https:\/\/danielgomezpsicologia.com\/ca\/wp-json\/wp\/v2\/tags?post=1371"}],"curies":[{"name":"wp","href":"https:\/\/api.w.org\/{rel}","templated":true}]}}