{"id":1385,"date":"2017-12-06T18:34:50","date_gmt":"2017-12-06T18:34:50","guid":{"rendered":"http:\/\/danielgomezpsicologia.com\/ca\/?p=1385"},"modified":"2017-12-06T18:34:50","modified_gmt":"2017-12-06T18:34:50","slug":"el-director-artistic","status":"publish","type":"post","link":"https:\/\/danielgomezpsicologia.com\/ca\/el-director-artistic\/","title":{"rendered":"El director art\u00edstic"},"content":{"rendered":"<p style=\"text-align: justify;\"><span style=\"color: #000000;\">Ja fa quasi 25 anys que estic clavat al m\u00f3n de les bandes de m\u00fasica com a m\u00fasic aficionat, especialment a la banda del meu poble U.M. Santa Cec\u00edlia de Benic\u00e0ssim, per\u00f2 durant aquest per\u00edode he tingut la fortuna de poder participar en altres bandes i agrupacions, especialment a la prov\u00edncia de Castell\u00f3 i a Val\u00e8ncia.<\/span><\/p>\n<p style=\"text-align: justify;\"><span style=\"color: #000000;\">Aquest recorregut em permet reflexionar amb certa perspectiva evolutiva i hist\u00f2rica sobre la m\u00fasica de banda en general i sobre les seves caracter\u00edstiques en particular. En aquest article m&#8217;agradaria dirigir la mirada cap a una figura imprescindible en gaireb\u00e9 qualsevol agrupaci\u00f3 musical, el <strong>director art\u00edstic<\/strong>.<\/span><\/p>\n<p style=\"text-align: justify;\"><span style=\"color: #000000;\">El director de banda (encara que gran part d&#8217;aquest article tamb\u00e9 podria parlar del director musical de qualsevol agrupaci\u00f3) \u00e9s un rol dintre de la infraestructura de l&#8217;agrupaci\u00f3 musical, la figura que s&#8217;encarrega d&#8217;organitzar assajos, preparar programes, dirigir concerts, etc. Dintre de les m\u00faltiples funcions del director de banda, hi ha una que m&#8217;interessa especialment i sobre la qual vull desenvolupar les meves idees: <strong>la gesti\u00f3 del capital hum\u00e0, la gesti\u00f3 del\/s m\u00fasic\/s<\/strong>.<\/span><\/p>\n<p style=\"text-align: justify;\"><span style=\"color: #000000;\">La formaci\u00f3 acad\u00e8mica del director de banda (i del m\u00fasic) \u00e9s una de les que m\u00e9s temps requereix en comparaci\u00f3 a qualsevol altra formaci\u00f3 professional, un m\u00fasic (director) sol invertir uns 14 anys (crec recordar) per aconseguir el t\u00edtol. \u00c9s cert que a poc a poc anem avan\u00e7ant en alguns aspectes, per\u00f2 la formaci\u00f3 als conservatoris continua sent criticada per trobar-se ancorada en el segle passat, aix\u00f2 entre altres desavantatges, suposa que la part humana de l&#8217;artista continu\u00ef sense abordar-se.<\/span><\/p>\n<p style=\"text-align: justify;\"><span style=\"color: #000000;\">Un director no es pot \u201cmanifestar\u201d sense el m\u00fasic, a l&#8217;igual que aquest no pot fer-ho sense el seu instrument, l&#8217;eina principal de treball del director \u00e9s la seva agrupaci\u00f3 (banda, orquestra, cor&#8230;). Per tant, si un director no t\u00e9 ben \u201cafinat\u201d el seu instrument, \u00e9s impossible que pugui interpretar una pe\u00e7a dignament. Qu\u00e8 vull dir amb \u201cafinat\u201d? Doncs satisfet, c\u00f2mode, motivat, orgull\u00f3s, implicat&#8230; i aix\u00ed podria continuar durant un parell de p\u00e0gines. El director tamb\u00e9 ha estat instrumentista durant la seva formaci\u00f3 acad\u00e8mica, potser, per connectar amb les necessitats del m\u00fasic, l&#8217;exercici m\u00e9s senzill \u00e9s recordar qu\u00e8 necessitava ell quan estava baix de la tarima, encara que tamb\u00e9 pot baixar de tant en tant i preguntar-ho directament.<\/span><\/p>\n<p style=\"text-align: justify;\"><span style=\"color: #000000;\">Resulta dif\u00edcil trobar uns ingredients gen\u00e8rics per a qualsevol director, el principal motiu \u00e9s que <strong>cada agrupaci\u00f3, banda, orquestra o cor, t\u00e9 unes qualitats i unes necessitats<\/strong>. \u00c9s com trobar parella, cal encaixar, escoltar, provar i que hi hagi qu\u00edmica, si no, tot resulta for\u00e7at i acaba en ruptura.<\/span><\/p>\n<blockquote><p><strong><span style=\"color: #800000;\">\u201cSi les teves accions inspiren a altres a somiar m\u00e9s, aprendre m\u00e9s, fer m\u00e9s i convertir-se en alg\u00fa millor, aleshores ets un l\u00edder\u201d<\/span><\/strong><\/p>\n<p><span style=\"color: #800000;\">John Quincy Adams, ex president dels Estats Units<\/span><\/p>\n<p>&nbsp;<\/p><\/blockquote>\n<p style=\"text-align: justify;\"><span style=\"color: #000000;\">Assumint el risc d&#8217;abordar un tema complex en poques l\u00ednies, far\u00e9 un breu an\u00e0lisi sobre alguns factors a tenir en compte. <span style=\"text-decoration: underline;\">Una agrupaci\u00f3 formada per m\u00fasics amateurs<\/span>, necessitar\u00e0 <em>m\u00e9s proximitat per part del director, m\u00e9s tracte individualitzat, escolta a les necessitats, ajuda davant les dificultats, una tasca m\u00e9s docent, major grau de flexibilitat i comprensi\u00f3 de la idiosincr\u00e0sia de l&#8217;agrupaci\u00f3<\/em>. En una <span style=\"text-decoration: underline;\">agrupaci\u00f3 professional<\/span>, tots aquests elements poden ser d&#8217;utilitat, per\u00f2 primar\u00e0 els <em>coneixements t\u00e8cnics i te\u00f2rics, l&#8217;optimitzaci\u00f3 del rendiment, l&#8217;adequada selecci\u00f3 del repertori, gesti\u00f3 dels orgulls (egos) i el respecte als rangs<\/em>. Hi ha un element fonamental (especialment a les agrupacions amateurs), l&#8217;equilibri entre el professional a dalt de la tarima i la persona que \u00e9s quan baixa, m&#8217;atreveixo a dir que aquest aspecte determina en m\u00e9s d&#8217;un 50% l&#8217;\u00e8xit d&#8217;aquest.<\/span><\/p>\n<p style=\"text-align: justify;\"><span style=\"color: #000000;\"><strong>Quina \u00e9s la meva recomanaci\u00f3?<\/strong> No oblidar la part humana del m\u00fasic, mantenir l&#8217;ego a ratlla, aprendre t\u00e8cniques de comunicaci\u00f3, assolir coneixements sobre grups i lideratge, demanar ajuda i assessorament quan convingui, estar receptiu al clima de l&#8217;agrupaci\u00f3, recordar que la part t\u00e8cnica (te\u00f2rica) sols \u00e9s una de les \u00e0rees a dominar. Gaudir i fer gaudir, cuidar-se com a persona i no perdre mai de vista que en molts aspectes \u00e9s un privilegiat.<\/span><\/p>\n<p style=\"text-align: justify;\"><span style=\"color: #000000;\">Molta sort i ens trobem al pr\u00f2xim assaig!!<\/span><\/p>\n","protected":false},"excerpt":{"rendered":"<p>Ja fa quasi 25 anys que estic clavat al m\u00f3n de les bandes de m\u00fasica com a m\u00fasic aficionat, especialment a la banda del meu poble U.M. Santa Cec\u00edlia de Benic\u00e0ssim, per\u00f2 durant aquest per\u00edode he tingut la fortuna de poder participar en altres bandes i agrupacions, especialment a la prov\u00edncia de Castell\u00f3 i a [&hellip;]<\/p>\n","protected":false},"author":2,"featured_media":977,"comment_status":"open","ping_status":"closed","sticky":false,"template":"","format":"standard","meta":{"footnotes":""},"categories":[108],"tags":[170,169,172,168,166,115,171],"class_list":["post-1385","post","type-post","status-publish","format-standard","has-post-thumbnail","hentry","category-musica","tag-agrupacio","tag-banda","tag-cor","tag-director","tag-music","tag-musica-ca","tag-orquestra"],"yoast_head":"<!-- This site is optimized with the Yoast SEO plugin v27.0 - https:\/\/yoast.com\/product\/yoast-seo-wordpress\/ -->\n<title>El director art\u00edstic | Daniel Gomez | Psic\u00f3logo en Reus<\/title>\n<meta name=\"description\" content=\"El director art\u00edstic | Daniel Gomez | Psic\u00f3logo en Reus\" \/>\n<meta name=\"robots\" content=\"index, follow, max-snippet:-1, max-image-preview:large, max-video-preview:-1\" \/>\n<link rel=\"canonical\" href=\"https:\/\/danielgomezpsicologia.com\/el-director-artistico\/\" \/>\n<meta property=\"og:locale\" content=\"ca_ES\" \/>\n<meta property=\"og:type\" content=\"article\" \/>\n<meta property=\"og:title\" content=\"El director art\u00edstic | Daniel Gomez | Psic\u00f3logo en Reus\" \/>\n<meta property=\"og:description\" content=\"El director art\u00edstic | Daniel Gomez | Psic\u00f3logo en Reus\" \/>\n<meta property=\"og:url\" content=\"https:\/\/danielgomezpsicologia.com\/el-director-artistico\/\" \/>\n<meta property=\"og:site_name\" content=\"Daniel Gomez | Psic\u00f3logo en Reus\" \/>\n<meta property=\"article:published_time\" content=\"2017-12-06T18:34:50+00:00\" \/>\n<meta property=\"og:image\" content=\"https:\/\/danielgomezpsicologia.com\/wp-content\/uploads\/2016\/09\/Director.jpg\" \/>\n\t<meta property=\"og:image:width\" content=\"2000\" \/>\n\t<meta property=\"og:image:height\" content=\"900\" \/>\n\t<meta property=\"og:image:type\" content=\"image\/jpeg\" \/>\n<meta name=\"author\" content=\"Daniel G\u00f3mez\" \/>\n<meta name=\"twitter:card\" content=\"summary_large_image\" \/>\n<meta name=\"twitter:label1\" content=\"Escrit per\" \/>\n\t<meta name=\"twitter:data1\" content=\"Daniel G\u00f3mez\" \/>\n\t<meta name=\"twitter:label2\" content=\"Temps estimat de lectura\" \/>\n\t<meta name=\"twitter:data2\" content=\"4 minuts\" \/>\n<script type=\"application\/ld+json\" class=\"yoast-schema-graph\">{\"@context\":\"https:\/\/schema.org\",\"@graph\":[{\"@type\":\"Article\",\"@id\":\"https:\/\/danielgomezpsicologia.com\/el-director-artistico\/#article\",\"isPartOf\":{\"@id\":\"https:\/\/danielgomezpsicologia.com\/el-director-artistico\/\"},\"author\":{\"name\":\"Daniel G\u00f3mez\",\"@id\":\"https:\/\/danielgomezpsicologia.com\/#\/schema\/person\/cb6f5480e13dd5604bf8b9c3e08ede6c\"},\"headline\":\"El director art\u00edstic\",\"datePublished\":\"2017-12-06T18:34:50+00:00\",\"mainEntityOfPage\":{\"@id\":\"https:\/\/danielgomezpsicologia.com\/el-director-artistico\/\"},\"wordCount\":722,\"commentCount\":0,\"publisher\":{\"@id\":\"https:\/\/danielgomezpsicologia.com\/#\/schema\/person\/cb6f5480e13dd5604bf8b9c3e08ede6c\"},\"image\":{\"@id\":\"https:\/\/danielgomezpsicologia.com\/el-director-artistico\/#primaryimage\"},\"thumbnailUrl\":\"https:\/\/danielgomezpsicologia.com\/wp-content\/uploads\/2016\/09\/Director.jpg\",\"keywords\":[\"agrupaci\u00f3\",\"banda\",\"cor\",\"director\",\"m\u00fasic\",\"musica\",\"orquestra\"],\"articleSection\":[\"M\u00fasica\"],\"inLanguage\":\"ca\",\"potentialAction\":[{\"@type\":\"CommentAction\",\"name\":\"Comment\",\"target\":[\"https:\/\/danielgomezpsicologia.com\/el-director-artistico\/#respond\"]}]},{\"@type\":\"WebPage\",\"@id\":\"https:\/\/danielgomezpsicologia.com\/el-director-artistico\/\",\"url\":\"https:\/\/danielgomezpsicologia.com\/el-director-artistico\/\",\"name\":\"El director art\u00edstic | Daniel Gomez | Psic\u00f3logo en Reus\",\"isPartOf\":{\"@id\":\"https:\/\/danielgomezpsicologia.com\/#website\"},\"primaryImageOfPage\":{\"@id\":\"https:\/\/danielgomezpsicologia.com\/el-director-artistico\/#primaryimage\"},\"image\":{\"@id\":\"https:\/\/danielgomezpsicologia.com\/el-director-artistico\/#primaryimage\"},\"thumbnailUrl\":\"https:\/\/danielgomezpsicologia.com\/wp-content\/uploads\/2016\/09\/Director.jpg\",\"datePublished\":\"2017-12-06T18:34:50+00:00\",\"description\":\"El director art\u00edstic | Daniel Gomez | Psic\u00f3logo en Reus\",\"breadcrumb\":{\"@id\":\"https:\/\/danielgomezpsicologia.com\/el-director-artistico\/#breadcrumb\"},\"inLanguage\":\"ca\",\"potentialAction\":[{\"@type\":\"ReadAction\",\"target\":[\"https:\/\/danielgomezpsicologia.com\/el-director-artistico\/\"]}]},{\"@type\":\"ImageObject\",\"inLanguage\":\"ca\",\"@id\":\"https:\/\/danielgomezpsicologia.com\/el-director-artistico\/#primaryimage\",\"url\":\"https:\/\/danielgomezpsicologia.com\/wp-content\/uploads\/2016\/09\/Director.jpg\",\"contentUrl\":\"https:\/\/danielgomezpsicologia.com\/wp-content\/uploads\/2016\/09\/Director.jpg\",\"width\":2000,\"height\":900},{\"@type\":\"BreadcrumbList\",\"@id\":\"https:\/\/danielgomezpsicologia.com\/el-director-artistico\/#breadcrumb\",\"itemListElement\":[{\"@type\":\"ListItem\",\"position\":1,\"name\":\"Portada\",\"item\":\"https:\/\/danielgomezpsicologia.com\/\"},{\"@type\":\"ListItem\",\"position\":2,\"name\":\"El director art\u00edstic\"}]},{\"@type\":\"WebSite\",\"@id\":\"https:\/\/danielgomezpsicologia.com\/#website\",\"url\":\"https:\/\/danielgomezpsicologia.com\/\",\"name\":\"Daniel Gomez | Psic\u00f3logo en Reus\",\"description\":\"Licenciado en Psicolog\u00eda, Terapeuta Gestalt, Experto en Terapia Familiar y de Pareja y M\u00e1ster en psicolog\u00eda cl\u00ednica desde el modelo Cognitivo-conductual.\",\"publisher\":{\"@id\":\"https:\/\/danielgomezpsicologia.com\/#\/schema\/person\/cb6f5480e13dd5604bf8b9c3e08ede6c\"},\"potentialAction\":[{\"@type\":\"SearchAction\",\"target\":{\"@type\":\"EntryPoint\",\"urlTemplate\":\"https:\/\/danielgomezpsicologia.com\/?s={search_term_string}\"},\"query-input\":{\"@type\":\"PropertyValueSpecification\",\"valueRequired\":true,\"valueName\":\"search_term_string\"}}],\"inLanguage\":\"ca\"},{\"@type\":[\"Person\",\"Organization\"],\"@id\":\"https:\/\/danielgomezpsicologia.com\/#\/schema\/person\/cb6f5480e13dd5604bf8b9c3e08ede6c\",\"name\":\"Daniel G\u00f3mez\",\"image\":{\"@type\":\"ImageObject\",\"inLanguage\":\"ca\",\"@id\":\"https:\/\/danielgomezpsicologia.com\/#\/schema\/person\/image\/\",\"url\":\"https:\/\/danielgomezpsicologia.com\/wp-content\/litespeed\/avatar\/f499f3c8b78d4e5a9f787576c97aff85.jpg?ver=1777404477\",\"contentUrl\":\"https:\/\/danielgomezpsicologia.com\/wp-content\/litespeed\/avatar\/f499f3c8b78d4e5a9f787576c97aff85.jpg?ver=1777404477\",\"caption\":\"Daniel G\u00f3mez\"},\"logo\":{\"@id\":\"https:\/\/danielgomezpsicologia.com\/#\/schema\/person\/image\/\"}}]}<\/script>\n<!-- \/ Yoast SEO plugin. -->","yoast_head_json":{"title":"El director art\u00edstic | Daniel Gomez | Psic\u00f3logo en Reus","description":"El director art\u00edstic | Daniel Gomez | Psic\u00f3logo en Reus","robots":{"index":"index","follow":"follow","max-snippet":"max-snippet:-1","max-image-preview":"max-image-preview:large","max-video-preview":"max-video-preview:-1"},"canonical":"https:\/\/danielgomezpsicologia.com\/el-director-artistico\/","og_locale":"ca_ES","og_type":"article","og_title":"El director art\u00edstic | Daniel Gomez | Psic\u00f3logo en Reus","og_description":"El director art\u00edstic | Daniel Gomez | Psic\u00f3logo en Reus","og_url":"https:\/\/danielgomezpsicologia.com\/el-director-artistico\/","og_site_name":"Daniel Gomez | Psic\u00f3logo en Reus","article_published_time":"2017-12-06T18:34:50+00:00","og_image":[{"width":2000,"height":900,"url":"https:\/\/danielgomezpsicologia.com\/wp-content\/uploads\/2016\/09\/Director.jpg","type":"image\/jpeg"}],"author":"Daniel G\u00f3mez","twitter_card":"summary_large_image","twitter_misc":{"Escrit per":"Daniel G\u00f3mez","Temps estimat de lectura":"4 minuts"},"schema":{"@context":"https:\/\/schema.org","@graph":[{"@type":"Article","@id":"https:\/\/danielgomezpsicologia.com\/el-director-artistico\/#article","isPartOf":{"@id":"https:\/\/danielgomezpsicologia.com\/el-director-artistico\/"},"author":{"name":"Daniel G\u00f3mez","@id":"https:\/\/danielgomezpsicologia.com\/#\/schema\/person\/cb6f5480e13dd5604bf8b9c3e08ede6c"},"headline":"El director art\u00edstic","datePublished":"2017-12-06T18:34:50+00:00","mainEntityOfPage":{"@id":"https:\/\/danielgomezpsicologia.com\/el-director-artistico\/"},"wordCount":722,"commentCount":0,"publisher":{"@id":"https:\/\/danielgomezpsicologia.com\/#\/schema\/person\/cb6f5480e13dd5604bf8b9c3e08ede6c"},"image":{"@id":"https:\/\/danielgomezpsicologia.com\/el-director-artistico\/#primaryimage"},"thumbnailUrl":"https:\/\/danielgomezpsicologia.com\/wp-content\/uploads\/2016\/09\/Director.jpg","keywords":["agrupaci\u00f3","banda","cor","director","m\u00fasic","musica","orquestra"],"articleSection":["M\u00fasica"],"inLanguage":"ca","potentialAction":[{"@type":"CommentAction","name":"Comment","target":["https:\/\/danielgomezpsicologia.com\/el-director-artistico\/#respond"]}]},{"@type":"WebPage","@id":"https:\/\/danielgomezpsicologia.com\/el-director-artistico\/","url":"https:\/\/danielgomezpsicologia.com\/el-director-artistico\/","name":"El director art\u00edstic | Daniel Gomez | Psic\u00f3logo en Reus","isPartOf":{"@id":"https:\/\/danielgomezpsicologia.com\/#website"},"primaryImageOfPage":{"@id":"https:\/\/danielgomezpsicologia.com\/el-director-artistico\/#primaryimage"},"image":{"@id":"https:\/\/danielgomezpsicologia.com\/el-director-artistico\/#primaryimage"},"thumbnailUrl":"https:\/\/danielgomezpsicologia.com\/wp-content\/uploads\/2016\/09\/Director.jpg","datePublished":"2017-12-06T18:34:50+00:00","description":"El director art\u00edstic | Daniel Gomez | Psic\u00f3logo en Reus","breadcrumb":{"@id":"https:\/\/danielgomezpsicologia.com\/el-director-artistico\/#breadcrumb"},"inLanguage":"ca","potentialAction":[{"@type":"ReadAction","target":["https:\/\/danielgomezpsicologia.com\/el-director-artistico\/"]}]},{"@type":"ImageObject","inLanguage":"ca","@id":"https:\/\/danielgomezpsicologia.com\/el-director-artistico\/#primaryimage","url":"https:\/\/danielgomezpsicologia.com\/wp-content\/uploads\/2016\/09\/Director.jpg","contentUrl":"https:\/\/danielgomezpsicologia.com\/wp-content\/uploads\/2016\/09\/Director.jpg","width":2000,"height":900},{"@type":"BreadcrumbList","@id":"https:\/\/danielgomezpsicologia.com\/el-director-artistico\/#breadcrumb","itemListElement":[{"@type":"ListItem","position":1,"name":"Portada","item":"https:\/\/danielgomezpsicologia.com\/"},{"@type":"ListItem","position":2,"name":"El director art\u00edstic"}]},{"@type":"WebSite","@id":"https:\/\/danielgomezpsicologia.com\/#website","url":"https:\/\/danielgomezpsicologia.com\/","name":"Daniel Gomez | Psic\u00f3logo en Reus","description":"Licenciado en Psicolog\u00eda, Terapeuta Gestalt, Experto en Terapia Familiar y de Pareja y M\u00e1ster en psicolog\u00eda cl\u00ednica desde el modelo Cognitivo-conductual.","publisher":{"@id":"https:\/\/danielgomezpsicologia.com\/#\/schema\/person\/cb6f5480e13dd5604bf8b9c3e08ede6c"},"potentialAction":[{"@type":"SearchAction","target":{"@type":"EntryPoint","urlTemplate":"https:\/\/danielgomezpsicologia.com\/?s={search_term_string}"},"query-input":{"@type":"PropertyValueSpecification","valueRequired":true,"valueName":"search_term_string"}}],"inLanguage":"ca"},{"@type":["Person","Organization"],"@id":"https:\/\/danielgomezpsicologia.com\/#\/schema\/person\/cb6f5480e13dd5604bf8b9c3e08ede6c","name":"Daniel G\u00f3mez","image":{"@type":"ImageObject","inLanguage":"ca","@id":"https:\/\/danielgomezpsicologia.com\/#\/schema\/person\/image\/","url":"https:\/\/danielgomezpsicologia.com\/wp-content\/litespeed\/avatar\/f499f3c8b78d4e5a9f787576c97aff85.jpg?ver=1777404477","contentUrl":"https:\/\/danielgomezpsicologia.com\/wp-content\/litespeed\/avatar\/f499f3c8b78d4e5a9f787576c97aff85.jpg?ver=1777404477","caption":"Daniel G\u00f3mez"},"logo":{"@id":"https:\/\/danielgomezpsicologia.com\/#\/schema\/person\/image\/"}}]}},"_links":{"self":[{"href":"https:\/\/danielgomezpsicologia.com\/ca\/wp-json\/wp\/v2\/posts\/1385","targetHints":{"allow":["GET"]}}],"collection":[{"href":"https:\/\/danielgomezpsicologia.com\/ca\/wp-json\/wp\/v2\/posts"}],"about":[{"href":"https:\/\/danielgomezpsicologia.com\/ca\/wp-json\/wp\/v2\/types\/post"}],"author":[{"embeddable":true,"href":"https:\/\/danielgomezpsicologia.com\/ca\/wp-json\/wp\/v2\/users\/2"}],"replies":[{"embeddable":true,"href":"https:\/\/danielgomezpsicologia.com\/ca\/wp-json\/wp\/v2\/comments?post=1385"}],"version-history":[{"count":9,"href":"https:\/\/danielgomezpsicologia.com\/ca\/wp-json\/wp\/v2\/posts\/1385\/revisions"}],"predecessor-version":[{"id":1413,"href":"https:\/\/danielgomezpsicologia.com\/ca\/wp-json\/wp\/v2\/posts\/1385\/revisions\/1413"}],"wp:featuredmedia":[{"embeddable":true,"href":"https:\/\/danielgomezpsicologia.com\/ca\/wp-json\/wp\/v2\/media\/977"}],"wp:attachment":[{"href":"https:\/\/danielgomezpsicologia.com\/ca\/wp-json\/wp\/v2\/media?parent=1385"}],"wp:term":[{"taxonomy":"category","embeddable":true,"href":"https:\/\/danielgomezpsicologia.com\/ca\/wp-json\/wp\/v2\/categories?post=1385"},{"taxonomy":"post_tag","embeddable":true,"href":"https:\/\/danielgomezpsicologia.com\/ca\/wp-json\/wp\/v2\/tags?post=1385"}],"curies":[{"name":"wp","href":"https:\/\/api.w.org\/{rel}","templated":true}]}}