{"id":1437,"date":"2018-09-20T14:01:48","date_gmt":"2018-09-20T14:01:48","guid":{"rendered":"http:\/\/danielg.luthiers.webfactional.com\/ca\/?p=1437"},"modified":"2018-09-20T15:55:26","modified_gmt":"2018-09-20T15:55:26","slug":"condicions-del-proces-terapeutic","status":"publish","type":"post","link":"https:\/\/danielgomezpsicologia.com\/ca\/condicions-del-proces-terapeutic\/","title":{"rendered":"Condicions del proc\u00e8s terap\u00e8utic"},"content":{"rendered":"<ol>\n<li><span style=\"color: #000000;\"><strong>La durada de les sessions \u00e9s d&#8217;1 hora<\/strong><span style=\"font-weight: 400;\"> (ter\u00e0pia individual). En alguns casos la durada pot ser major o menor en funci\u00f3 del desenvolupament de la sessi\u00f3.<\/span><\/span><\/li>\n<li><span style=\"color: #000000;\"><strong>La freq\u00fc\u00e8ncia de les sessions \u00e9s setmanal<\/strong><span style=\"font-weight: 400;\">, almenys els primers mesos. Conforme avan\u00e7a la ter\u00e0pia, les sessions es poden distanciar.<\/span><\/span><\/li>\n<li><span style=\"color: #000000;\"><strong>La durada del proc\u00e9s \u00e9s indeterminada<\/strong><span style=\"font-weight: 400;\">, per\u00f2 generalment podem comptar amb un m\u00ednim de 12-15 sessions. Si establir un h\u00e0bit o patr\u00f3 ens ha costat tota una vida, dif\u00edcilment podrem canviar-ho en unes setmanes. <\/span><\/span><\/li>\n<li><span style=\"color: #000000;\"><strong>\u00c9s necessari un per\u00edode inicial per comen\u00e7ar a percebre els canvis<\/strong><span style=\"font-weight: 400;\">, les primeres sessions s&#8217;utilitzen per recopilar informaci\u00f3 i establir un vincle. <\/span><\/span><\/li>\n<li><span style=\"color: #000000;\"><strong>La puntualitat \u00e9s important<\/strong><span style=\"font-weight: 400;\">, per aprofitar al m\u00e0xim el temps i com a mostra de respecte al proc\u00e9s.<\/span><\/span><\/li>\n<li><span style=\"color: #000000;\"><strong>La cancel\u00b7laci\u00f3 de la sessi\u00f3 es realitzar\u00e0 amb un m\u00ednim de 24 hores d&#8217;antelaci\u00f3<\/strong><strong>.<\/strong><span style=\"font-weight: 400;\"> En cas contrari la sessi\u00f3 es cobrar\u00e0 igualment, ja que el professional perd l&#8217;hora i el treball realitzat en la preparaci\u00f3 d\u2019aquesta.<\/span><\/span><\/li>\n<\/ol>\n","protected":false},"excerpt":{"rendered":"<p>La durada de les sessions \u00e9s d&#8217;1 hora (ter\u00e0pia individual). En alguns casos la durada pot ser major o menor en funci\u00f3 del desenvolupament de la sessi\u00f3. La freq\u00fc\u00e8ncia de les sessions \u00e9s setmanal, almenys els primers mesos. Conforme avan\u00e7a la ter\u00e0pia, les sessions es poden distanciar. La durada del proc\u00e9s \u00e9s indeterminada, per\u00f2 generalment [&hellip;]<\/p>\n","protected":false},"author":2,"featured_media":0,"comment_status":"open","ping_status":"closed","sticky":false,"template":"","format":"standard","meta":{"footnotes":""},"categories":[102],"tags":[],"class_list":["post-1437","post","type-post","status-publish","format-standard","hentry","category-blog-2"],"yoast_head":"<!-- This site is optimized with the Yoast SEO plugin v27.0 - https:\/\/yoast.com\/product\/yoast-seo-wordpress\/ -->\n<title>Condicions del proc\u00e8s terap\u00e8utic | Daniel Gomez | Psic\u00f3logo en Reus<\/title>\n<meta name=\"description\" content=\"Condicions del proc\u00e8s terap\u00e8utic | Daniel Gomez | Psic\u00f3logo en Reus\" \/>\n<meta name=\"robots\" content=\"index, follow, max-snippet:-1, max-image-preview:large, max-video-preview:-1\" \/>\n<link rel=\"canonical\" href=\"https:\/\/danielgomezpsicologia.com\/condiciones-del-proceso-terapeutico\/\" \/>\n<meta property=\"og:locale\" content=\"ca_ES\" \/>\n<meta property=\"og:type\" content=\"article\" \/>\n<meta property=\"og:title\" content=\"Condicions del proc\u00e8s terap\u00e8utic | Daniel Gomez | Psic\u00f3logo en Reus\" \/>\n<meta property=\"og:description\" content=\"Condicions del proc\u00e8s terap\u00e8utic | Daniel Gomez | Psic\u00f3logo en Reus\" \/>\n<meta property=\"og:url\" content=\"https:\/\/danielgomezpsicologia.com\/condiciones-del-proceso-terapeutico\/\" \/>\n<meta property=\"og:site_name\" content=\"Daniel Gomez | Psic\u00f3logo en Reus\" \/>\n<meta property=\"article:published_time\" content=\"2018-09-20T14:01:48+00:00\" \/>\n<meta property=\"article:modified_time\" content=\"2018-09-20T15:55:26+00:00\" \/>\n<meta name=\"author\" content=\"Daniel G\u00f3mez\" \/>\n<meta name=\"twitter:card\" content=\"summary_large_image\" \/>\n<meta name=\"twitter:label1\" content=\"Escrit per\" \/>\n\t<meta name=\"twitter:data1\" content=\"Daniel G\u00f3mez\" \/>\n\t<meta name=\"twitter:label2\" content=\"Temps estimat de lectura\" \/>\n\t<meta name=\"twitter:data2\" content=\"1 minut\" \/>\n<script type=\"application\/ld+json\" class=\"yoast-schema-graph\">{\"@context\":\"https:\/\/schema.org\",\"@graph\":[{\"@type\":\"Article\",\"@id\":\"https:\/\/danielgomezpsicologia.com\/condiciones-del-proceso-terapeutico\/#article\",\"isPartOf\":{\"@id\":\"https:\/\/danielgomezpsicologia.com\/condiciones-del-proceso-terapeutico\/\"},\"author\":{\"name\":\"Daniel G\u00f3mez\",\"@id\":\"https:\/\/danielgomezpsicologia.com\/#\/schema\/person\/cb6f5480e13dd5604bf8b9c3e08ede6c\"},\"headline\":\"Condicions del proc\u00e8s terap\u00e8utic\",\"datePublished\":\"2018-09-20T14:01:48+00:00\",\"dateModified\":\"2018-09-20T15:55:26+00:00\",\"mainEntityOfPage\":{\"@id\":\"https:\/\/danielgomezpsicologia.com\/condiciones-del-proceso-terapeutico\/\"},\"wordCount\":177,\"commentCount\":0,\"publisher\":{\"@id\":\"https:\/\/danielgomezpsicologia.com\/#\/schema\/person\/cb6f5480e13dd5604bf8b9c3e08ede6c\"},\"articleSection\":[\"Blog\"],\"inLanguage\":\"ca\",\"potentialAction\":[{\"@type\":\"CommentAction\",\"name\":\"Comment\",\"target\":[\"https:\/\/danielgomezpsicologia.com\/condiciones-del-proceso-terapeutico\/#respond\"]}]},{\"@type\":\"WebPage\",\"@id\":\"https:\/\/danielgomezpsicologia.com\/condiciones-del-proceso-terapeutico\/\",\"url\":\"https:\/\/danielgomezpsicologia.com\/condiciones-del-proceso-terapeutico\/\",\"name\":\"Condicions del proc\u00e8s terap\u00e8utic | Daniel Gomez | Psic\u00f3logo en Reus\",\"isPartOf\":{\"@id\":\"https:\/\/danielgomezpsicologia.com\/#website\"},\"datePublished\":\"2018-09-20T14:01:48+00:00\",\"dateModified\":\"2018-09-20T15:55:26+00:00\",\"description\":\"Condicions del proc\u00e8s terap\u00e8utic | Daniel Gomez | Psic\u00f3logo en Reus\",\"breadcrumb\":{\"@id\":\"https:\/\/danielgomezpsicologia.com\/condiciones-del-proceso-terapeutico\/#breadcrumb\"},\"inLanguage\":\"ca\",\"potentialAction\":[{\"@type\":\"ReadAction\",\"target\":[\"https:\/\/danielgomezpsicologia.com\/condiciones-del-proceso-terapeutico\/\"]}]},{\"@type\":\"BreadcrumbList\",\"@id\":\"https:\/\/danielgomezpsicologia.com\/condiciones-del-proceso-terapeutico\/#breadcrumb\",\"itemListElement\":[{\"@type\":\"ListItem\",\"position\":1,\"name\":\"Portada\",\"item\":\"https:\/\/danielgomezpsicologia.com\/\"},{\"@type\":\"ListItem\",\"position\":2,\"name\":\"Condicions del proc\u00e8s terap\u00e8utic\"}]},{\"@type\":\"WebSite\",\"@id\":\"https:\/\/danielgomezpsicologia.com\/#website\",\"url\":\"https:\/\/danielgomezpsicologia.com\/\",\"name\":\"Daniel Gomez | Psic\u00f3logo en Reus\",\"description\":\"Licenciado en Psicolog\u00eda, Terapeuta Gestalt, Experto en Terapia Familiar y de Pareja y M\u00e1ster en psicolog\u00eda cl\u00ednica desde el modelo Cognitivo-conductual.\",\"publisher\":{\"@id\":\"https:\/\/danielgomezpsicologia.com\/#\/schema\/person\/cb6f5480e13dd5604bf8b9c3e08ede6c\"},\"potentialAction\":[{\"@type\":\"SearchAction\",\"target\":{\"@type\":\"EntryPoint\",\"urlTemplate\":\"https:\/\/danielgomezpsicologia.com\/?s={search_term_string}\"},\"query-input\":{\"@type\":\"PropertyValueSpecification\",\"valueRequired\":true,\"valueName\":\"search_term_string\"}}],\"inLanguage\":\"ca\"},{\"@type\":[\"Person\",\"Organization\"],\"@id\":\"https:\/\/danielgomezpsicologia.com\/#\/schema\/person\/cb6f5480e13dd5604bf8b9c3e08ede6c\",\"name\":\"Daniel G\u00f3mez\",\"image\":{\"@type\":\"ImageObject\",\"inLanguage\":\"ca\",\"@id\":\"https:\/\/danielgomezpsicologia.com\/#\/schema\/person\/image\/\",\"url\":\"https:\/\/danielgomezpsicologia.com\/wp-content\/litespeed\/avatar\/f499f3c8b78d4e5a9f787576c97aff85.jpg?ver=1777404477\",\"contentUrl\":\"https:\/\/danielgomezpsicologia.com\/wp-content\/litespeed\/avatar\/f499f3c8b78d4e5a9f787576c97aff85.jpg?ver=1777404477\",\"caption\":\"Daniel G\u00f3mez\"},\"logo\":{\"@id\":\"https:\/\/danielgomezpsicologia.com\/#\/schema\/person\/image\/\"}}]}<\/script>\n<!-- \/ Yoast SEO plugin. -->","yoast_head_json":{"title":"Condicions del proc\u00e8s terap\u00e8utic | Daniel Gomez | Psic\u00f3logo en Reus","description":"Condicions del proc\u00e8s terap\u00e8utic | Daniel Gomez | Psic\u00f3logo en Reus","robots":{"index":"index","follow":"follow","max-snippet":"max-snippet:-1","max-image-preview":"max-image-preview:large","max-video-preview":"max-video-preview:-1"},"canonical":"https:\/\/danielgomezpsicologia.com\/condiciones-del-proceso-terapeutico\/","og_locale":"ca_ES","og_type":"article","og_title":"Condicions del proc\u00e8s terap\u00e8utic | Daniel Gomez | Psic\u00f3logo en Reus","og_description":"Condicions del proc\u00e8s terap\u00e8utic | Daniel Gomez | Psic\u00f3logo en Reus","og_url":"https:\/\/danielgomezpsicologia.com\/condiciones-del-proceso-terapeutico\/","og_site_name":"Daniel Gomez | Psic\u00f3logo en Reus","article_published_time":"2018-09-20T14:01:48+00:00","article_modified_time":"2018-09-20T15:55:26+00:00","author":"Daniel G\u00f3mez","twitter_card":"summary_large_image","twitter_misc":{"Escrit per":"Daniel G\u00f3mez","Temps estimat de lectura":"1 minut"},"schema":{"@context":"https:\/\/schema.org","@graph":[{"@type":"Article","@id":"https:\/\/danielgomezpsicologia.com\/condiciones-del-proceso-terapeutico\/#article","isPartOf":{"@id":"https:\/\/danielgomezpsicologia.com\/condiciones-del-proceso-terapeutico\/"},"author":{"name":"Daniel G\u00f3mez","@id":"https:\/\/danielgomezpsicologia.com\/#\/schema\/person\/cb6f5480e13dd5604bf8b9c3e08ede6c"},"headline":"Condicions del proc\u00e8s terap\u00e8utic","datePublished":"2018-09-20T14:01:48+00:00","dateModified":"2018-09-20T15:55:26+00:00","mainEntityOfPage":{"@id":"https:\/\/danielgomezpsicologia.com\/condiciones-del-proceso-terapeutico\/"},"wordCount":177,"commentCount":0,"publisher":{"@id":"https:\/\/danielgomezpsicologia.com\/#\/schema\/person\/cb6f5480e13dd5604bf8b9c3e08ede6c"},"articleSection":["Blog"],"inLanguage":"ca","potentialAction":[{"@type":"CommentAction","name":"Comment","target":["https:\/\/danielgomezpsicologia.com\/condiciones-del-proceso-terapeutico\/#respond"]}]},{"@type":"WebPage","@id":"https:\/\/danielgomezpsicologia.com\/condiciones-del-proceso-terapeutico\/","url":"https:\/\/danielgomezpsicologia.com\/condiciones-del-proceso-terapeutico\/","name":"Condicions del proc\u00e8s terap\u00e8utic | Daniel Gomez | Psic\u00f3logo en Reus","isPartOf":{"@id":"https:\/\/danielgomezpsicologia.com\/#website"},"datePublished":"2018-09-20T14:01:48+00:00","dateModified":"2018-09-20T15:55:26+00:00","description":"Condicions del proc\u00e8s terap\u00e8utic | Daniel Gomez | Psic\u00f3logo en Reus","breadcrumb":{"@id":"https:\/\/danielgomezpsicologia.com\/condiciones-del-proceso-terapeutico\/#breadcrumb"},"inLanguage":"ca","potentialAction":[{"@type":"ReadAction","target":["https:\/\/danielgomezpsicologia.com\/condiciones-del-proceso-terapeutico\/"]}]},{"@type":"BreadcrumbList","@id":"https:\/\/danielgomezpsicologia.com\/condiciones-del-proceso-terapeutico\/#breadcrumb","itemListElement":[{"@type":"ListItem","position":1,"name":"Portada","item":"https:\/\/danielgomezpsicologia.com\/"},{"@type":"ListItem","position":2,"name":"Condicions del proc\u00e8s terap\u00e8utic"}]},{"@type":"WebSite","@id":"https:\/\/danielgomezpsicologia.com\/#website","url":"https:\/\/danielgomezpsicologia.com\/","name":"Daniel Gomez | Psic\u00f3logo en Reus","description":"Licenciado en Psicolog\u00eda, Terapeuta Gestalt, Experto en Terapia Familiar y de Pareja y M\u00e1ster en psicolog\u00eda cl\u00ednica desde el modelo Cognitivo-conductual.","publisher":{"@id":"https:\/\/danielgomezpsicologia.com\/#\/schema\/person\/cb6f5480e13dd5604bf8b9c3e08ede6c"},"potentialAction":[{"@type":"SearchAction","target":{"@type":"EntryPoint","urlTemplate":"https:\/\/danielgomezpsicologia.com\/?s={search_term_string}"},"query-input":{"@type":"PropertyValueSpecification","valueRequired":true,"valueName":"search_term_string"}}],"inLanguage":"ca"},{"@type":["Person","Organization"],"@id":"https:\/\/danielgomezpsicologia.com\/#\/schema\/person\/cb6f5480e13dd5604bf8b9c3e08ede6c","name":"Daniel G\u00f3mez","image":{"@type":"ImageObject","inLanguage":"ca","@id":"https:\/\/danielgomezpsicologia.com\/#\/schema\/person\/image\/","url":"https:\/\/danielgomezpsicologia.com\/wp-content\/litespeed\/avatar\/f499f3c8b78d4e5a9f787576c97aff85.jpg?ver=1777404477","contentUrl":"https:\/\/danielgomezpsicologia.com\/wp-content\/litespeed\/avatar\/f499f3c8b78d4e5a9f787576c97aff85.jpg?ver=1777404477","caption":"Daniel G\u00f3mez"},"logo":{"@id":"https:\/\/danielgomezpsicologia.com\/#\/schema\/person\/image\/"}}]}},"_links":{"self":[{"href":"https:\/\/danielgomezpsicologia.com\/ca\/wp-json\/wp\/v2\/posts\/1437","targetHints":{"allow":["GET"]}}],"collection":[{"href":"https:\/\/danielgomezpsicologia.com\/ca\/wp-json\/wp\/v2\/posts"}],"about":[{"href":"https:\/\/danielgomezpsicologia.com\/ca\/wp-json\/wp\/v2\/types\/post"}],"author":[{"embeddable":true,"href":"https:\/\/danielgomezpsicologia.com\/ca\/wp-json\/wp\/v2\/users\/2"}],"replies":[{"embeddable":true,"href":"https:\/\/danielgomezpsicologia.com\/ca\/wp-json\/wp\/v2\/comments?post=1437"}],"version-history":[{"count":1,"href":"https:\/\/danielgomezpsicologia.com\/ca\/wp-json\/wp\/v2\/posts\/1437\/revisions"}],"predecessor-version":[{"id":1438,"href":"https:\/\/danielgomezpsicologia.com\/ca\/wp-json\/wp\/v2\/posts\/1437\/revisions\/1438"}],"wp:attachment":[{"href":"https:\/\/danielgomezpsicologia.com\/ca\/wp-json\/wp\/v2\/media?parent=1437"}],"wp:term":[{"taxonomy":"category","embeddable":true,"href":"https:\/\/danielgomezpsicologia.com\/ca\/wp-json\/wp\/v2\/categories?post=1437"},{"taxonomy":"post_tag","embeddable":true,"href":"https:\/\/danielgomezpsicologia.com\/ca\/wp-json\/wp\/v2\/tags?post=1437"}],"curies":[{"name":"wp","href":"https:\/\/api.w.org\/{rel}","templated":true}]}}