{"id":1447,"date":"2018-09-20T15:53:56","date_gmt":"2018-09-20T15:53:56","guid":{"rendered":"http:\/\/danielg.luthiers.webfactional.com\/ca\/?p=1447"},"modified":"2018-09-20T15:55:36","modified_gmt":"2018-09-20T15:55:36","slug":"bussejant-proces-terapeutic","status":"publish","type":"post","link":"https:\/\/danielgomezpsicologia.com\/ca\/bussejant-proces-terapeutic\/","title":{"rendered":"Bussejant en el proc\u00e9s terap\u00e8utic"},"content":{"rendered":"<p style=\"text-align: justify;\"><span style=\"color: #000000;\"><span style=\"font-weight: 400;\">He tingut una revelaci\u00f3, la ter\u00e0pia \u00e9s com el <\/span><span style=\"font-weight: 400;\">busseig! <\/span><\/span><\/p>\n<p style=\"text-align: justify;\"><span style=\"font-weight: 400; color: #000000;\">Aprofitant les temperatures infernals, la cerca de curiositats submarines s&#8217;ha convertit en una de les activitats de moda en el meu estiu.<\/span><\/p>\n<p style=\"text-align: justify;\"><span style=\"font-weight: 400; color: #000000;\">Comen\u00e7ar\u00e9 explicant la meva manera de bussejar, ja que potser el concepte \u201cbusseig\u201d no sigui el m\u00e9s adequat a la meva execuci\u00f3. Jo nedo en la superf\u00edcie del mar o en tot cas, uns cent\u00edmetres per sota, la qual cosa em facilita la respiraci\u00f3, ja que no utilitzo tub (ni bombona, clar), de fet, tampoc utilitzo neopr\u00e8, ni aletes, el meu equipament es limita a unes ulleres de nataci\u00f3 i un vestit de bany. <em>Aix\u00ed em sento c\u00f2mode.<\/em><\/span><\/p>\n<p style=\"text-align: justify;\"><span style=\"color: #000000;\"><span style=\"font-weight: 400;\">Referent a la t\u00e8cnica, rudiment\u00e0ria. Em despla\u00e7o amb moviments suaus i peri\u00f2dicament <\/span><span style=\"font-weight: 400;\">trec<\/span><span style=\"font-weight: 400;\"> el cap per prendre aire. Despr\u00e9s d&#8217;uns minuts repetint el proc\u00e9s, em trobo cansat, aix\u00ed que em tombo de cap per amunt, descansant la respiraci\u00f3 i el coll, i volta a comen\u00e7ar. <\/span><\/span><\/p>\n<blockquote>\n<p style=\"text-align: justify;\"><span style=\"font-weight: 400; color: #000000;\">Qu\u00e8 t\u00e9 en com\u00fa el meu estil de busseig amb el meu estil de ter\u00e0pia? doncs sorprenentment, moltes coses! <\/span><\/p>\n<\/blockquote>\n<p>&nbsp;<\/p>\n<p style=\"text-align: justify;\"><span style=\"font-weight: 400; color: #000000;\">Tractar\u00e9 d&#8217;enumerar alguns aspectes:<\/span><\/p>\n<ul style=\"text-align: justify;\">\n<li style=\"font-weight: 400;\"><span style=\"color: #000000;\"><strong>La respiraci\u00f3<\/strong><span style=\"font-weight: 400;\"><strong>:<\/strong> bussejar en apnea em permet connectar amb el meu cos (i per tant, estar m\u00e9s pendent d&#8217;ell), m&#8217;ofereix silenci i tranquil\u00b7litat. Aquest pausar la respiraci\u00f3 \u00e9s similar a l&#8217;escolta sense judici (\u00e9s un \u201csuspendre\u201d). Peri\u00f2dicament em fa treure el cap per agafar aire, la qual cosa en sessi\u00f3 \u00e9s agafar perspectiva i mirar qu\u00e8 succeeix m\u00e9s enll\u00e0 de les paraules (consultar-me com va el proc\u00e9s). El silenci aguditza altres sensacions, en sessi\u00f3 necessito anar m\u00e9s enll\u00e0 de les paraules, necessito observar les inflexions de la veu o canvis posturals. El silenci em posa en pau amb mi, \u00e9s un \u201cdetenir el pensament\u201d.<\/span><\/span><\/li>\n<\/ul>\n<ul style=\"text-align: justify;\">\n<li style=\"font-weight: 400;\"><span style=\"color: #000000;\"><strong>El moviment<\/strong><span style=\"font-weight: 400;\"><strong>:<\/strong> em despla\u00e7o amb moviments suaus i adaptats a l&#8217;entorn. Suaus per no moure la sorra, per no remoure all\u00f2 que est\u00e0 assentat i despistar\/-me (perdre visi\u00f3). Suaus per no espantar als peixos, per respectar el seu ritme (el del pacient). El que no significa que puntualment no recorri a un moviment m\u00e9s en\u00e8rgic per provocar que alguna cosa succeeixi.<\/span><\/span><\/li>\n<\/ul>\n<p style=\"text-align: justify; padding-left: 23px;\"><span style=\"font-weight: 400; color: #000000;\">El moviment s&#8217;adapta a l&#8217;entorn, en llocs de poca profunditat no puc quasi donar-me impuls, la qual cosa \u00e9s equivalent a respectar l&#8217;espai del pacient (no ser invasiu i\/o impacient), adaptar-me a l&#8217;espai que em deixa i no copejar el seu fons, solament observar-ho.<\/span><\/p>\n<ul style=\"text-align: justify;\">\n<li style=\"font-weight: 400;\"><span style=\"color: #000000;\"><strong>El despla\u00e7ament<\/strong><span style=\"font-weight: 400;\"><strong>:<\/strong> aprendre a respectar els corrents marins estalvia energia i frustraci\u00f3, assumir que arribar\u00e9 al lloc d&#8217;una manera m\u00e9s \u201cnatural\u201d si em recolzo en la marea (com a necessitat\/inter\u00e8s del pacient), que si lluito contra ella (pretendre seguir el meu cam\u00ed). Aix\u00ed mateix confiar que els corrents m&#8217;empenyeran als llocs m\u00e9s interessants, igual que fan amb plantes, animals i objectes. <\/span><\/span><\/li>\n<\/ul>\n<ul style=\"text-align: justify;\">\n<li style=\"font-weight: 400;\"><span style=\"color: #000000;\"><strong>El descans<\/strong><span style=\"font-weight: 400;\"><strong>:<\/strong> tant a nivell f\u00edsic com atencional, necessito parar, entre sessi\u00f3 i sessi\u00f3, mirar lluny, mirar altres coses, de vegades buscar informaci\u00f3 sobre el vist per entendre-ho o consultar a bussos experts. El meu cos i la meva atenci\u00f3 no s\u00f3n il\u00b7limitats, si no descanso i em cuido fora de l&#8217;aigua, no podr\u00e9 realitzar la seg\u00fcent immersi\u00f3 amb energia i amb inter\u00e8s.<\/span><\/span><\/li>\n<\/ul>\n<ul style=\"text-align: justify;\">\n<li style=\"font-weight: 400;\"><span style=\"color: #000000;\"><strong>La mirada<\/strong><span style=\"font-weight: 400;\"><strong>:<\/strong> els meus ulls es mouen sense un patr\u00f3, busquen aqu\u00ed i all\u00e0 all\u00f2 que els crida l&#8217;atenci\u00f3, generalment vida, moviment i\/o color. Si pretenc trobar alguna cosa concreta, la meva mirada ignora altres inputs, em puc perdre belleses inesperades, si no busco res concret, em deixo impactar amb major facilitat, una pedra, les formes de la sorra o una alga poden interessar-me. <\/span><\/span><\/li>\n<\/ul>\n<p style=\"text-align: justify; padding-left: 23px;\"><span style=\"font-weight: 400; color: #000000;\">Cada vegada que trec el cap, miro al voltant i agafo refer\u00e8ncies espacials, m&#8217;he d&#8217;orientar, vigilar territoris rocosos i no allunyar-me massa de la costa per si em desoriento, ja que \u00e9s a la costa on contacten la terra (subjecte) i el mar (entorn), i \u00e9s on es produeixen les trobades m\u00e9s interessants.<\/span><\/p>\n<p style=\"text-align: justify; padding-left: 23px;\"><span style=\"font-weight: 400; color: #000000;\">En la mirada hi ha un altre aspecte que m&#8217;interessa enormement, la posici\u00f3 del meu cap\/coll, ja que la major revelaci\u00f3 d&#8217;aquests dies ha estat prendre consci\u00e8ncia que si miro cap a endavant, tractant d&#8217;anticipar el que vindr\u00e0 o buscar m\u00e9s enll\u00e0 del que tinc davant, em canso, el meu coll es carrega i a m\u00e9s em perdo els detalls. En canvi si estic en l&#8217;aqu\u00ed, mirant el que succeeix sota meu en aquest moment, puc sostenir la meva atenci\u00f3 molt m\u00e9s temps, fixar-me amb deteniment i flexibilitat (ja que no estic en una posici\u00f3 for\u00e7ada). Si deixo d&#8217;intentar anticipar-me, millora la meva atenci\u00f3 i disminueix el cansament. M\u00e9s tenint present que solament puc actuar sobre el que est\u00e0 al meu abast.<\/span><\/p>\n<ul style=\"text-align: justify;\">\n<li style=\"font-weight: 400;\"><span style=\"color: #000000;\"><strong>L&#8217;altre<\/strong><span style=\"font-weight: 400;\"><strong>:<\/strong> la ter\u00e0pia \u00e9s bussejar amb un altre i en un altre. Jo acompanyo, espero, segueixo, em comunico, jugo&#8230; i assenyalo all\u00f2 que em sembla interessant, la resta no dep\u00e8n de mi. De vegades el m\u00e9s interessant en el mar \u00e9s el meu acompanyant, el seu respirar, mirar, moure\/es, parar\u2026 A trav\u00e9s d&#8217;ell puc entendre com sent l&#8217;experi\u00e8ncia, que t\u00e9 elements en com\u00fa amb la meva, per\u00f2 mai \u00e9s igual. I en aquesta difer\u00e8ncia est\u00e0 el proc\u00e9s, l&#8217;enriquiment, l&#8217;experi\u00e8ncia i la gr\u00e0cia de tot aix\u00f2. <\/span><\/span><\/li>\n<\/ul>\n<p style=\"text-align: justify;\"><span style=\"font-weight: 400; color: #000000;\">Com sol succeir-me, tanco el tema sense sentir que est\u00e0 tancat, sabent que podria aprofundir (quina expressi\u00f3 m\u00e9s apropiada) molt m\u00e9s. I per poder sortir d&#8217;aquesta sense tensi\u00f3, em queda convidar-te a bussejar amb mi, en el mar, en una cafeteria, en el meu despatx, a la muntanya o all\u00e0 on decidim que ens ve de gust submergir-nos.<\/span><\/p>\n","protected":false},"excerpt":{"rendered":"<p>He tingut una revelaci\u00f3, la ter\u00e0pia \u00e9s com el busseig! Aprofitant les temperatures infernals, la cerca de curiositats submarines s&#8217;ha convertit en una de les activitats de moda en el meu estiu. Comen\u00e7ar\u00e9 explicant la meva manera de bussejar, ja que potser el concepte \u201cbusseig\u201d no sigui el m\u00e9s adequat a la meva execuci\u00f3. Jo [&hellip;]<\/p>\n","protected":false},"author":2,"featured_media":1445,"comment_status":"open","ping_status":"closed","sticky":false,"template":"","format":"standard","meta":{"footnotes":""},"categories":[102,107],"tags":[188,142,135,128,137,132,189,190,191],"class_list":["post-1447","post","type-post","status-publish","format-standard","has-post-thumbnail","hentry","category-blog-2","category-reflexions","tag-busseig","tag-contacte","tag-contacto-ca","tag-contacto","tag-mirada-ca","tag-mirada","tag-pacient","tag-relacio","tag-submergir-se"],"yoast_head":"<!-- This site is optimized with the Yoast SEO plugin v27.0 - https:\/\/yoast.com\/product\/yoast-seo-wordpress\/ -->\n<title>Bussejant en el proc\u00e9s terap\u00e8utic | Daniel Gomez | Psic\u00f3logo en Reus<\/title>\n<meta name=\"description\" content=\"Bussejant en el proc\u00e9s terap\u00e8utic | Daniel Gomez | Psic\u00f3logo en Reus\" \/>\n<meta name=\"robots\" content=\"index, follow, max-snippet:-1, max-image-preview:large, max-video-preview:-1\" \/>\n<link rel=\"canonical\" href=\"https:\/\/danielgomezpsicologia.com\/buceando-proceso-terapeutico\/\" \/>\n<meta property=\"og:locale\" content=\"ca_ES\" \/>\n<meta property=\"og:type\" content=\"article\" \/>\n<meta property=\"og:title\" content=\"Bussejant en el proc\u00e9s terap\u00e8utic | Daniel Gomez | Psic\u00f3logo en Reus\" \/>\n<meta property=\"og:description\" content=\"Bussejant en el proc\u00e9s terap\u00e8utic | Daniel Gomez | Psic\u00f3logo en Reus\" \/>\n<meta property=\"og:url\" content=\"https:\/\/danielgomezpsicologia.com\/buceando-proceso-terapeutico\/\" \/>\n<meta property=\"og:site_name\" content=\"Daniel Gomez | Psic\u00f3logo en Reus\" \/>\n<meta property=\"article:published_time\" content=\"2018-09-20T15:53:56+00:00\" \/>\n<meta property=\"article:modified_time\" content=\"2018-09-20T15:55:36+00:00\" \/>\n<meta property=\"og:image\" content=\"https:\/\/danielgomezpsicologia.com\/wp-content\/uploads\/2018\/09\/Buceo.jpg\" \/>\n\t<meta property=\"og:image:width\" content=\"4000\" \/>\n\t<meta property=\"og:image:height\" content=\"1984\" \/>\n\t<meta property=\"og:image:type\" content=\"image\/jpeg\" \/>\n<meta name=\"author\" content=\"Daniel G\u00f3mez\" \/>\n<meta name=\"twitter:card\" content=\"summary_large_image\" \/>\n<meta name=\"twitter:label1\" content=\"Escrit per\" \/>\n\t<meta name=\"twitter:data1\" content=\"Daniel G\u00f3mez\" \/>\n\t<meta name=\"twitter:label2\" content=\"Temps estimat de lectura\" \/>\n\t<meta name=\"twitter:data2\" content=\"5 minuts\" \/>\n<script type=\"application\/ld+json\" class=\"yoast-schema-graph\">{\"@context\":\"https:\/\/schema.org\",\"@graph\":[{\"@type\":\"Article\",\"@id\":\"https:\/\/danielgomezpsicologia.com\/buceando-proceso-terapeutico\/#article\",\"isPartOf\":{\"@id\":\"https:\/\/danielgomezpsicologia.com\/buceando-proceso-terapeutico\/\"},\"author\":{\"name\":\"Daniel G\u00f3mez\",\"@id\":\"https:\/\/danielgomezpsicologia.com\/#\/schema\/person\/cb6f5480e13dd5604bf8b9c3e08ede6c\"},\"headline\":\"Bussejant en el proc\u00e9s terap\u00e8utic\",\"datePublished\":\"2018-09-20T15:53:56+00:00\",\"dateModified\":\"2018-09-20T15:55:36+00:00\",\"mainEntityOfPage\":{\"@id\":\"https:\/\/danielgomezpsicologia.com\/buceando-proceso-terapeutico\/\"},\"wordCount\":958,\"commentCount\":0,\"publisher\":{\"@id\":\"https:\/\/danielgomezpsicologia.com\/#\/schema\/person\/cb6f5480e13dd5604bf8b9c3e08ede6c\"},\"image\":{\"@id\":\"https:\/\/danielgomezpsicologia.com\/buceando-proceso-terapeutico\/#primaryimage\"},\"thumbnailUrl\":\"https:\/\/danielgomezpsicologia.com\/wp-content\/uploads\/2018\/09\/Buceo.jpg\",\"keywords\":[\"busseig\",\"contacte\",\"contacto\",\"contacto\",\"mirada\",\"mirada\",\"pacient\",\"relaci\u00f3\",\"submergir-se\"],\"articleSection\":[\"Blog\",\"Reflexions\"],\"inLanguage\":\"ca\",\"potentialAction\":[{\"@type\":\"CommentAction\",\"name\":\"Comment\",\"target\":[\"https:\/\/danielgomezpsicologia.com\/buceando-proceso-terapeutico\/#respond\"]}]},{\"@type\":\"WebPage\",\"@id\":\"https:\/\/danielgomezpsicologia.com\/buceando-proceso-terapeutico\/\",\"url\":\"https:\/\/danielgomezpsicologia.com\/buceando-proceso-terapeutico\/\",\"name\":\"Bussejant en el proc\u00e9s terap\u00e8utic | Daniel Gomez | Psic\u00f3logo en Reus\",\"isPartOf\":{\"@id\":\"https:\/\/danielgomezpsicologia.com\/#website\"},\"primaryImageOfPage\":{\"@id\":\"https:\/\/danielgomezpsicologia.com\/buceando-proceso-terapeutico\/#primaryimage\"},\"image\":{\"@id\":\"https:\/\/danielgomezpsicologia.com\/buceando-proceso-terapeutico\/#primaryimage\"},\"thumbnailUrl\":\"https:\/\/danielgomezpsicologia.com\/wp-content\/uploads\/2018\/09\/Buceo.jpg\",\"datePublished\":\"2018-09-20T15:53:56+00:00\",\"dateModified\":\"2018-09-20T15:55:36+00:00\",\"description\":\"Bussejant en el proc\u00e9s terap\u00e8utic | Daniel Gomez | Psic\u00f3logo en Reus\",\"breadcrumb\":{\"@id\":\"https:\/\/danielgomezpsicologia.com\/buceando-proceso-terapeutico\/#breadcrumb\"},\"inLanguage\":\"ca\",\"potentialAction\":[{\"@type\":\"ReadAction\",\"target\":[\"https:\/\/danielgomezpsicologia.com\/buceando-proceso-terapeutico\/\"]}]},{\"@type\":\"ImageObject\",\"inLanguage\":\"ca\",\"@id\":\"https:\/\/danielgomezpsicologia.com\/buceando-proceso-terapeutico\/#primaryimage\",\"url\":\"https:\/\/danielgomezpsicologia.com\/wp-content\/uploads\/2018\/09\/Buceo.jpg\",\"contentUrl\":\"https:\/\/danielgomezpsicologia.com\/wp-content\/uploads\/2018\/09\/Buceo.jpg\",\"width\":4000,\"height\":1984},{\"@type\":\"BreadcrumbList\",\"@id\":\"https:\/\/danielgomezpsicologia.com\/buceando-proceso-terapeutico\/#breadcrumb\",\"itemListElement\":[{\"@type\":\"ListItem\",\"position\":1,\"name\":\"Portada\",\"item\":\"https:\/\/danielgomezpsicologia.com\/\"},{\"@type\":\"ListItem\",\"position\":2,\"name\":\"Bussejant en el proc\u00e9s terap\u00e8utic\"}]},{\"@type\":\"WebSite\",\"@id\":\"https:\/\/danielgomezpsicologia.com\/#website\",\"url\":\"https:\/\/danielgomezpsicologia.com\/\",\"name\":\"Daniel Gomez | Psic\u00f3logo en Reus\",\"description\":\"Licenciado en Psicolog\u00eda, Terapeuta Gestalt, Experto en Terapia Familiar y de Pareja y M\u00e1ster en psicolog\u00eda cl\u00ednica desde el modelo Cognitivo-conductual.\",\"publisher\":{\"@id\":\"https:\/\/danielgomezpsicologia.com\/#\/schema\/person\/cb6f5480e13dd5604bf8b9c3e08ede6c\"},\"potentialAction\":[{\"@type\":\"SearchAction\",\"target\":{\"@type\":\"EntryPoint\",\"urlTemplate\":\"https:\/\/danielgomezpsicologia.com\/?s={search_term_string}\"},\"query-input\":{\"@type\":\"PropertyValueSpecification\",\"valueRequired\":true,\"valueName\":\"search_term_string\"}}],\"inLanguage\":\"ca\"},{\"@type\":[\"Person\",\"Organization\"],\"@id\":\"https:\/\/danielgomezpsicologia.com\/#\/schema\/person\/cb6f5480e13dd5604bf8b9c3e08ede6c\",\"name\":\"Daniel G\u00f3mez\",\"image\":{\"@type\":\"ImageObject\",\"inLanguage\":\"ca\",\"@id\":\"https:\/\/danielgomezpsicologia.com\/#\/schema\/person\/image\/\",\"url\":\"https:\/\/danielgomezpsicologia.com\/wp-content\/litespeed\/avatar\/f499f3c8b78d4e5a9f787576c97aff85.jpg?ver=1777404477\",\"contentUrl\":\"https:\/\/danielgomezpsicologia.com\/wp-content\/litespeed\/avatar\/f499f3c8b78d4e5a9f787576c97aff85.jpg?ver=1777404477\",\"caption\":\"Daniel G\u00f3mez\"},\"logo\":{\"@id\":\"https:\/\/danielgomezpsicologia.com\/#\/schema\/person\/image\/\"}}]}<\/script>\n<!-- \/ Yoast SEO plugin. -->","yoast_head_json":{"title":"Bussejant en el proc\u00e9s terap\u00e8utic | Daniel Gomez | Psic\u00f3logo en Reus","description":"Bussejant en el proc\u00e9s terap\u00e8utic | Daniel Gomez | Psic\u00f3logo en Reus","robots":{"index":"index","follow":"follow","max-snippet":"max-snippet:-1","max-image-preview":"max-image-preview:large","max-video-preview":"max-video-preview:-1"},"canonical":"https:\/\/danielgomezpsicologia.com\/buceando-proceso-terapeutico\/","og_locale":"ca_ES","og_type":"article","og_title":"Bussejant en el proc\u00e9s terap\u00e8utic | Daniel Gomez | Psic\u00f3logo en Reus","og_description":"Bussejant en el proc\u00e9s terap\u00e8utic | Daniel Gomez | Psic\u00f3logo en Reus","og_url":"https:\/\/danielgomezpsicologia.com\/buceando-proceso-terapeutico\/","og_site_name":"Daniel Gomez | Psic\u00f3logo en Reus","article_published_time":"2018-09-20T15:53:56+00:00","article_modified_time":"2018-09-20T15:55:36+00:00","og_image":[{"width":4000,"height":1984,"url":"https:\/\/danielgomezpsicologia.com\/wp-content\/uploads\/2018\/09\/Buceo.jpg","type":"image\/jpeg"}],"author":"Daniel G\u00f3mez","twitter_card":"summary_large_image","twitter_misc":{"Escrit per":"Daniel G\u00f3mez","Temps estimat de lectura":"5 minuts"},"schema":{"@context":"https:\/\/schema.org","@graph":[{"@type":"Article","@id":"https:\/\/danielgomezpsicologia.com\/buceando-proceso-terapeutico\/#article","isPartOf":{"@id":"https:\/\/danielgomezpsicologia.com\/buceando-proceso-terapeutico\/"},"author":{"name":"Daniel G\u00f3mez","@id":"https:\/\/danielgomezpsicologia.com\/#\/schema\/person\/cb6f5480e13dd5604bf8b9c3e08ede6c"},"headline":"Bussejant en el proc\u00e9s terap\u00e8utic","datePublished":"2018-09-20T15:53:56+00:00","dateModified":"2018-09-20T15:55:36+00:00","mainEntityOfPage":{"@id":"https:\/\/danielgomezpsicologia.com\/buceando-proceso-terapeutico\/"},"wordCount":958,"commentCount":0,"publisher":{"@id":"https:\/\/danielgomezpsicologia.com\/#\/schema\/person\/cb6f5480e13dd5604bf8b9c3e08ede6c"},"image":{"@id":"https:\/\/danielgomezpsicologia.com\/buceando-proceso-terapeutico\/#primaryimage"},"thumbnailUrl":"https:\/\/danielgomezpsicologia.com\/wp-content\/uploads\/2018\/09\/Buceo.jpg","keywords":["busseig","contacte","contacto","contacto","mirada","mirada","pacient","relaci\u00f3","submergir-se"],"articleSection":["Blog","Reflexions"],"inLanguage":"ca","potentialAction":[{"@type":"CommentAction","name":"Comment","target":["https:\/\/danielgomezpsicologia.com\/buceando-proceso-terapeutico\/#respond"]}]},{"@type":"WebPage","@id":"https:\/\/danielgomezpsicologia.com\/buceando-proceso-terapeutico\/","url":"https:\/\/danielgomezpsicologia.com\/buceando-proceso-terapeutico\/","name":"Bussejant en el proc\u00e9s terap\u00e8utic | Daniel Gomez | Psic\u00f3logo en Reus","isPartOf":{"@id":"https:\/\/danielgomezpsicologia.com\/#website"},"primaryImageOfPage":{"@id":"https:\/\/danielgomezpsicologia.com\/buceando-proceso-terapeutico\/#primaryimage"},"image":{"@id":"https:\/\/danielgomezpsicologia.com\/buceando-proceso-terapeutico\/#primaryimage"},"thumbnailUrl":"https:\/\/danielgomezpsicologia.com\/wp-content\/uploads\/2018\/09\/Buceo.jpg","datePublished":"2018-09-20T15:53:56+00:00","dateModified":"2018-09-20T15:55:36+00:00","description":"Bussejant en el proc\u00e9s terap\u00e8utic | Daniel Gomez | Psic\u00f3logo en Reus","breadcrumb":{"@id":"https:\/\/danielgomezpsicologia.com\/buceando-proceso-terapeutico\/#breadcrumb"},"inLanguage":"ca","potentialAction":[{"@type":"ReadAction","target":["https:\/\/danielgomezpsicologia.com\/buceando-proceso-terapeutico\/"]}]},{"@type":"ImageObject","inLanguage":"ca","@id":"https:\/\/danielgomezpsicologia.com\/buceando-proceso-terapeutico\/#primaryimage","url":"https:\/\/danielgomezpsicologia.com\/wp-content\/uploads\/2018\/09\/Buceo.jpg","contentUrl":"https:\/\/danielgomezpsicologia.com\/wp-content\/uploads\/2018\/09\/Buceo.jpg","width":4000,"height":1984},{"@type":"BreadcrumbList","@id":"https:\/\/danielgomezpsicologia.com\/buceando-proceso-terapeutico\/#breadcrumb","itemListElement":[{"@type":"ListItem","position":1,"name":"Portada","item":"https:\/\/danielgomezpsicologia.com\/"},{"@type":"ListItem","position":2,"name":"Bussejant en el proc\u00e9s terap\u00e8utic"}]},{"@type":"WebSite","@id":"https:\/\/danielgomezpsicologia.com\/#website","url":"https:\/\/danielgomezpsicologia.com\/","name":"Daniel Gomez | Psic\u00f3logo en Reus","description":"Licenciado en Psicolog\u00eda, Terapeuta Gestalt, Experto en Terapia Familiar y de Pareja y M\u00e1ster en psicolog\u00eda cl\u00ednica desde el modelo Cognitivo-conductual.","publisher":{"@id":"https:\/\/danielgomezpsicologia.com\/#\/schema\/person\/cb6f5480e13dd5604bf8b9c3e08ede6c"},"potentialAction":[{"@type":"SearchAction","target":{"@type":"EntryPoint","urlTemplate":"https:\/\/danielgomezpsicologia.com\/?s={search_term_string}"},"query-input":{"@type":"PropertyValueSpecification","valueRequired":true,"valueName":"search_term_string"}}],"inLanguage":"ca"},{"@type":["Person","Organization"],"@id":"https:\/\/danielgomezpsicologia.com\/#\/schema\/person\/cb6f5480e13dd5604bf8b9c3e08ede6c","name":"Daniel G\u00f3mez","image":{"@type":"ImageObject","inLanguage":"ca","@id":"https:\/\/danielgomezpsicologia.com\/#\/schema\/person\/image\/","url":"https:\/\/danielgomezpsicologia.com\/wp-content\/litespeed\/avatar\/f499f3c8b78d4e5a9f787576c97aff85.jpg?ver=1777404477","contentUrl":"https:\/\/danielgomezpsicologia.com\/wp-content\/litespeed\/avatar\/f499f3c8b78d4e5a9f787576c97aff85.jpg?ver=1777404477","caption":"Daniel G\u00f3mez"},"logo":{"@id":"https:\/\/danielgomezpsicologia.com\/#\/schema\/person\/image\/"}}]}},"_links":{"self":[{"href":"https:\/\/danielgomezpsicologia.com\/ca\/wp-json\/wp\/v2\/posts\/1447","targetHints":{"allow":["GET"]}}],"collection":[{"href":"https:\/\/danielgomezpsicologia.com\/ca\/wp-json\/wp\/v2\/posts"}],"about":[{"href":"https:\/\/danielgomezpsicologia.com\/ca\/wp-json\/wp\/v2\/types\/post"}],"author":[{"embeddable":true,"href":"https:\/\/danielgomezpsicologia.com\/ca\/wp-json\/wp\/v2\/users\/2"}],"replies":[{"embeddable":true,"href":"https:\/\/danielgomezpsicologia.com\/ca\/wp-json\/wp\/v2\/comments?post=1447"}],"version-history":[{"count":1,"href":"https:\/\/danielgomezpsicologia.com\/ca\/wp-json\/wp\/v2\/posts\/1447\/revisions"}],"predecessor-version":[{"id":1448,"href":"https:\/\/danielgomezpsicologia.com\/ca\/wp-json\/wp\/v2\/posts\/1447\/revisions\/1448"}],"wp:featuredmedia":[{"embeddable":true,"href":"https:\/\/danielgomezpsicologia.com\/ca\/wp-json\/wp\/v2\/media\/1445"}],"wp:attachment":[{"href":"https:\/\/danielgomezpsicologia.com\/ca\/wp-json\/wp\/v2\/media?parent=1447"}],"wp:term":[{"taxonomy":"category","embeddable":true,"href":"https:\/\/danielgomezpsicologia.com\/ca\/wp-json\/wp\/v2\/categories?post=1447"},{"taxonomy":"post_tag","embeddable":true,"href":"https:\/\/danielgomezpsicologia.com\/ca\/wp-json\/wp\/v2\/tags?post=1447"}],"curies":[{"name":"wp","href":"https:\/\/api.w.org\/{rel}","templated":true}]}}